{"id":149,"date":"2018-05-30T07:36:00","date_gmt":"2018-05-30T07:36:00","guid":{"rendered":"https:\/\/www.atalaya.eu\/actualidad\/?p=149"},"modified":"2022-05-20T06:22:20","modified_gmt":"2022-05-20T06:22:20","slug":"presentacion-del-plan-de-clusters-de-aragon-2018-2020","status":"publish","type":"post","link":"https:\/\/www.atalaya.eu\/actualidad\/noticias\/presentacion-del-plan-de-clusters-de-aragon-2018-2020\/","title":{"rendered":"Presentaci\u00f3n del Plan de Cl\u00fasters de Arag\u00f3n 2018-2020"},"content":{"rendered":"\n<figure class=\"wp-block-image size-full\"><img loading=\"lazy\" decoding=\"async\" width=\"900\" height=\"600\" src=\"https:\/\/www.atalaya.eu\/actualidad\/wp-content\/uploads\/2022\/04\/plan-clusters-aragon.jpg\" alt=\"\" class=\"wp-image-188\"\/><\/figure>\n\n\n<p style=\"text-align: justify;\">El Gobierno de Arag\u00f3n present\u00f3 el 29 de mayo el Plan de Cl\u00fasters para los dos pr\u00f3ximos a\u00f1os en los que se incide en la importancia de la internacionalizaci\u00f3n y la cooperaci\u00f3n como claves para mejorar la competitividad en la regi\u00f3n. Arag\u00f3n es la segunda regi\u00f3n con m\u00e1s cl\u00fasters sectoriales en Espa\u00f1a.<\/p>\n<p style=\"text-align: justify;\">\u00abArag\u00f3n tiene el petr\u00f3leo del siglo XXI\u00bb, se\u00f1al\u00f3 el presidente del cl\u00faster de la energ\u00eda de Arag\u00f3n en el acto, Pedro Mach\u00edn, en referencia a las oportunidades medioambientales que tiene la comunidad para explotar la energ\u00eda e\u00f3lica y solar.<\/p>\n<p style=\"text-align: justify;\">En ese sentido, Mach\u00edn&nbsp;destac\u00f3 la importancia de adelantarse al cambio de modelo energ\u00e9tico que se est\u00e1 produciendo en todo el mundo y que implica la participaci\u00f3n directa del consumidor e incluso proyectos de autoconsumo el\u00e9ctrico.<\/p>\n\n\n<div class=\"wp-block-buttons is-layout-flex wp-block-buttons-is-layout-flex\">\n<div class=\"wp-block-button\"><a class=\"wp-block-button__link\" href=\"https:\/\/www.elperiodicodearagon.com\/aragon\/2018\/05\/29\/internacionalizacion-cooperacion-claves-plan-clusters-46778484.html\" target=\"_blank\" rel=\"noreferrer noopener\">Ver noticia completa.<\/a><\/div>\n<\/div>\n","protected":false},"excerpt":{"rendered":"<p>El Gobierno de Arag\u00f3n present\u00f3 el 29 de mayo el Plan de Cl\u00fasters para los dos pr\u00f3ximos a\u00f1os en los que se incide en la importancia de la internacionalizaci\u00f3n y la cooperaci\u00f3n como claves para mejorar la competitividad en la regi\u00f3n. Arag\u00f3n es la segunda regi\u00f3n con m\u00e1s cl\u00fasters sectoriales en Espa\u00f1a. \u00abArag\u00f3n tiene el &hellip;<\/p>\n<p class=\"read-more\"> <a class=\"\" href=\"https:\/\/www.atalaya.eu\/actualidad\/noticias\/presentacion-del-plan-de-clusters-de-aragon-2018-2020\/\"> <span class=\"screen-reader-text\">Presentaci\u00f3n del Plan de Cl\u00fasters de Arag\u00f3n 2018-2020<\/span> Leer m\u00e1s &raquo;<\/a><\/p>\n","protected":false},"author":1,"featured_media":188,"comment_status":"closed","ping_status":"open","sticky":false,"template":"","format":"standard","meta":{"inline_featured_image":false,"site-sidebar-layout":"default","site-content-layout":"default","ast-main-header-display":"","ast-hfb-above-header-display":"","ast-hfb-below-header-display":"","ast-hfb-mobile-header-display":"","site-post-title":"","ast-breadcrumbs-content":"","ast-featured-img":"","footer-sml-layout":"","theme-transparent-header-meta":"","adv-header-id-meta":"","stick-header-meta":"","header-above-stick-meta":"","header-main-stick-meta":"","header-below-stick-meta":"","footnotes":""},"categories":[4],"tags":[],"class_list":["post-149","post","type-post","status-publish","format-standard","has-post-thumbnail","hentry","category-noticias"],"yoast_head":"<!-- This site is optimized with the Yoast SEO plugin v18.5.1 - https:\/\/yoast.com\/wordpress\/plugins\/seo\/ -->\n<title>Presentaci\u00f3n del Plan de Cl\u00fasters de Arag\u00f3n 2018-2020 - ATALAYA Generaci\u00f3n E\u00f3lica<\/title>\n<meta name=\"robots\" content=\"index, follow, max-snippet:-1, max-image-preview:large, max-video-preview:-1\" \/>\n<link rel=\"canonical\" href=\"https:\/\/www.atalaya.eu\/actualidad\/noticias\/presentacion-del-plan-de-clusters-de-aragon-2018-2020\/\" \/>\n<meta property=\"og:locale\" content=\"es_ES\" \/>\n<meta property=\"og:type\" content=\"article\" \/>\n<meta property=\"og:title\" content=\"Presentaci\u00f3n del Plan de Cl\u00fasters de Arag\u00f3n 2018-2020 - ATALAYA Generaci\u00f3n E\u00f3lica\" \/>\n<meta property=\"og:description\" content=\"El Gobierno de Arag\u00f3n present\u00f3 el 29 de mayo el Plan de Cl\u00fasters para los dos pr\u00f3ximos a\u00f1os en los que se incide en la importancia de la internacionalizaci\u00f3n y la cooperaci\u00f3n como claves para mejorar la competitividad en la regi\u00f3n. Arag\u00f3n es la segunda regi\u00f3n con m\u00e1s cl\u00fasters sectoriales en Espa\u00f1a. \u00abArag\u00f3n tiene el &hellip; Presentaci\u00f3n del Plan de Cl\u00fasters de Arag\u00f3n 2018-2020 Leer m\u00e1s &raquo;\" \/>\n<meta property=\"og:url\" content=\"https:\/\/www.atalaya.eu\/actualidad\/noticias\/presentacion-del-plan-de-clusters-de-aragon-2018-2020\/\" \/>\n<meta property=\"og:site_name\" content=\"ATALAYA Generaci\u00f3n E\u00f3lica\" \/>\n<meta property=\"article:published_time\" content=\"2018-05-30T07:36:00+00:00\" \/>\n<meta property=\"article:modified_time\" content=\"2022-05-20T06:22:20+00:00\" \/>\n<meta property=\"og:image\" content=\"https:\/\/www.atalaya.eu\/actualidad\/wp-content\/uploads\/2022\/04\/plan-clusters-aragon.jpg\" \/>\n\t<meta property=\"og:image:width\" content=\"900\" \/>\n\t<meta property=\"og:image:height\" content=\"600\" \/>\n\t<meta property=\"og:image:type\" content=\"image\/jpeg\" \/>\n<meta name=\"twitter:card\" content=\"summary_large_image\" \/>\n<meta name=\"twitter:label1\" content=\"Escrito por\" \/>\n\t<meta name=\"twitter:data1\" content=\"Atalaya\" \/>\n\t<meta name=\"twitter:label2\" content=\"Tiempo de lectura\" \/>\n\t<meta name=\"twitter:data2\" content=\"1 minuto\" \/>\n<script type=\"application\/ld+json\" class=\"yoast-schema-graph\">{\"@context\":\"https:\/\/schema.org\",\"@graph\":[{\"@type\":\"WebSite\",\"@id\":\"https:\/\/www.atalaya.eu\/actualidad\/#website\",\"url\":\"https:\/\/www.atalaya.eu\/actualidad\/\",\"name\":\"ATALAYA Generaci\u00f3n E\u00f3lica\",\"description\":\"ATALAYA Generaci\u00f3n E\u00f3lica\",\"potentialAction\":[{\"@type\":\"SearchAction\",\"target\":{\"@type\":\"EntryPoint\",\"urlTemplate\":\"https:\/\/www.atalaya.eu\/actualidad\/?s={search_term_string}\"},\"query-input\":\"required name=search_term_string\"}],\"inLanguage\":\"es\"},{\"@type\":\"ImageObject\",\"@id\":\"https:\/\/www.atalaya.eu\/actualidad\/noticias\/presentacion-del-plan-de-clusters-de-aragon-2018-2020\/#primaryimage\",\"inLanguage\":\"es\",\"url\":\"https:\/\/www.atalaya.eu\/actualidad\/wp-content\/uploads\/2022\/04\/plan-clusters-aragon.jpg\",\"contentUrl\":\"https:\/\/www.atalaya.eu\/actualidad\/wp-content\/uploads\/2022\/04\/plan-clusters-aragon.jpg\",\"width\":900,\"height\":600,\"caption\":\"plan-clusters-aragon.\"},{\"@type\":\"WebPage\",\"@id\":\"https:\/\/www.atalaya.eu\/actualidad\/noticias\/presentacion-del-plan-de-clusters-de-aragon-2018-2020\/#webpage\",\"url\":\"https:\/\/www.atalaya.eu\/actualidad\/noticias\/presentacion-del-plan-de-clusters-de-aragon-2018-2020\/\",\"name\":\"Presentaci\u00f3n del Plan de Cl\u00fasters de Arag\u00f3n 2018-2020 - ATALAYA Generaci\u00f3n E\u00f3lica\",\"isPartOf\":{\"@id\":\"https:\/\/www.atalaya.eu\/actualidad\/#website\"},\"primaryImageOfPage\":{\"@id\":\"https:\/\/www.atalaya.eu\/actualidad\/noticias\/presentacion-del-plan-de-clusters-de-aragon-2018-2020\/#primaryimage\"},\"datePublished\":\"2018-05-30T07:36:00+00:00\",\"dateModified\":\"2022-05-20T06:22:20+00:00\",\"author\":{\"@id\":\"https:\/\/www.atalaya.eu\/actualidad\/#\/schema\/person\/c87c3875b91eae1047695e51cd11baad\"},\"breadcrumb\":{\"@id\":\"https:\/\/www.atalaya.eu\/actualidad\/noticias\/presentacion-del-plan-de-clusters-de-aragon-2018-2020\/#breadcrumb\"},\"inLanguage\":\"es\",\"potentialAction\":[{\"@type\":\"ReadAction\",\"target\":[\"https:\/\/www.atalaya.eu\/actualidad\/noticias\/presentacion-del-plan-de-clusters-de-aragon-2018-2020\/\"]}]},{\"@type\":\"BreadcrumbList\",\"@id\":\"https:\/\/www.atalaya.eu\/actualidad\/noticias\/presentacion-del-plan-de-clusters-de-aragon-2018-2020\/#breadcrumb\",\"itemListElement\":[{\"@type\":\"ListItem\",\"position\":1,\"name\":\"Portada\",\"item\":\"https:\/\/www.atalaya.eu\/actualidad\/\"},{\"@type\":\"ListItem\",\"position\":2,\"name\":\"Presentaci\u00f3n del Plan de Cl\u00fasters de Arag\u00f3n 2018-2020\"}]},{\"@type\":\"Person\",\"@id\":\"https:\/\/www.atalaya.eu\/actualidad\/#\/schema\/person\/c87c3875b91eae1047695e51cd11baad\",\"name\":\"Atalaya\",\"image\":{\"@type\":\"ImageObject\",\"@id\":\"https:\/\/www.atalaya.eu\/actualidad\/#personlogo\",\"inLanguage\":\"es\",\"url\":\"https:\/\/secure.gravatar.com\/avatar\/18613b53f3c2184b9d259778e24af0716c0793eb64bfb578efa5511ec51936ba?s=96&d=mm&r=g\",\"contentUrl\":\"https:\/\/secure.gravatar.com\/avatar\/18613b53f3c2184b9d259778e24af0716c0793eb64bfb578efa5511ec51936ba?s=96&d=mm&r=g\",\"caption\":\"Atalaya\"},\"sameAs\":[\"https:\/\/www.atalaya.eu\/actualidad\"],\"url\":\"https:\/\/www.atalaya.eu\/actualidad\/author\/atalaya\/\"}]}<\/script>\n<!-- \/ Yoast SEO plugin. -->","yoast_head_json":{"title":"Presentaci\u00f3n del Plan de Cl\u00fasters de Arag\u00f3n 2018-2020 - ATALAYA Generaci\u00f3n E\u00f3lica","robots":{"index":"index","follow":"follow","max-snippet":"max-snippet:-1","max-image-preview":"max-image-preview:large","max-video-preview":"max-video-preview:-1"},"canonical":"https:\/\/www.atalaya.eu\/actualidad\/noticias\/presentacion-del-plan-de-clusters-de-aragon-2018-2020\/","og_locale":"es_ES","og_type":"article","og_title":"Presentaci\u00f3n del Plan de Cl\u00fasters de Arag\u00f3n 2018-2020 - ATALAYA Generaci\u00f3n E\u00f3lica","og_description":"El Gobierno de Arag\u00f3n present\u00f3 el 29 de mayo el Plan de Cl\u00fasters para los dos pr\u00f3ximos a\u00f1os en los que se incide en la importancia de la internacionalizaci\u00f3n y la cooperaci\u00f3n como claves para mejorar la competitividad en la regi\u00f3n. Arag\u00f3n es la segunda regi\u00f3n con m\u00e1s cl\u00fasters sectoriales en Espa\u00f1a. \u00abArag\u00f3n tiene el &hellip; Presentaci\u00f3n del Plan de Cl\u00fasters de Arag\u00f3n 2018-2020 Leer m\u00e1s &raquo;","og_url":"https:\/\/www.atalaya.eu\/actualidad\/noticias\/presentacion-del-plan-de-clusters-de-aragon-2018-2020\/","og_site_name":"ATALAYA Generaci\u00f3n E\u00f3lica","article_published_time":"2018-05-30T07:36:00+00:00","article_modified_time":"2022-05-20T06:22:20+00:00","og_image":[{"width":900,"height":600,"url":"https:\/\/www.atalaya.eu\/actualidad\/wp-content\/uploads\/2022\/04\/plan-clusters-aragon.jpg","type":"image\/jpeg"}],"twitter_card":"summary_large_image","twitter_misc":{"Escrito por":"Atalaya","Tiempo de lectura":"1 minuto"},"schema":{"@context":"https:\/\/schema.org","@graph":[{"@type":"WebSite","@id":"https:\/\/www.atalaya.eu\/actualidad\/#website","url":"https:\/\/www.atalaya.eu\/actualidad\/","name":"ATALAYA Generaci\u00f3n E\u00f3lica","description":"ATALAYA Generaci\u00f3n E\u00f3lica","potentialAction":[{"@type":"SearchAction","target":{"@type":"EntryPoint","urlTemplate":"https:\/\/www.atalaya.eu\/actualidad\/?s={search_term_string}"},"query-input":"required name=search_term_string"}],"inLanguage":"es"},{"@type":"ImageObject","@id":"https:\/\/www.atalaya.eu\/actualidad\/noticias\/presentacion-del-plan-de-clusters-de-aragon-2018-2020\/#primaryimage","inLanguage":"es","url":"https:\/\/www.atalaya.eu\/actualidad\/wp-content\/uploads\/2022\/04\/plan-clusters-aragon.jpg","contentUrl":"https:\/\/www.atalaya.eu\/actualidad\/wp-content\/uploads\/2022\/04\/plan-clusters-aragon.jpg","width":900,"height":600,"caption":"plan-clusters-aragon."},{"@type":"WebPage","@id":"https:\/\/www.atalaya.eu\/actualidad\/noticias\/presentacion-del-plan-de-clusters-de-aragon-2018-2020\/#webpage","url":"https:\/\/www.atalaya.eu\/actualidad\/noticias\/presentacion-del-plan-de-clusters-de-aragon-2018-2020\/","name":"Presentaci\u00f3n del Plan de Cl\u00fasters de Arag\u00f3n 2018-2020 - ATALAYA Generaci\u00f3n E\u00f3lica","isPartOf":{"@id":"https:\/\/www.atalaya.eu\/actualidad\/#website"},"primaryImageOfPage":{"@id":"https:\/\/www.atalaya.eu\/actualidad\/noticias\/presentacion-del-plan-de-clusters-de-aragon-2018-2020\/#primaryimage"},"datePublished":"2018-05-30T07:36:00+00:00","dateModified":"2022-05-20T06:22:20+00:00","author":{"@id":"https:\/\/www.atalaya.eu\/actualidad\/#\/schema\/person\/c87c3875b91eae1047695e51cd11baad"},"breadcrumb":{"@id":"https:\/\/www.atalaya.eu\/actualidad\/noticias\/presentacion-del-plan-de-clusters-de-aragon-2018-2020\/#breadcrumb"},"inLanguage":"es","potentialAction":[{"@type":"ReadAction","target":["https:\/\/www.atalaya.eu\/actualidad\/noticias\/presentacion-del-plan-de-clusters-de-aragon-2018-2020\/"]}]},{"@type":"BreadcrumbList","@id":"https:\/\/www.atalaya.eu\/actualidad\/noticias\/presentacion-del-plan-de-clusters-de-aragon-2018-2020\/#breadcrumb","itemListElement":[{"@type":"ListItem","position":1,"name":"Portada","item":"https:\/\/www.atalaya.eu\/actualidad\/"},{"@type":"ListItem","position":2,"name":"Presentaci\u00f3n del Plan de Cl\u00fasters de Arag\u00f3n 2018-2020"}]},{"@type":"Person","@id":"https:\/\/www.atalaya.eu\/actualidad\/#\/schema\/person\/c87c3875b91eae1047695e51cd11baad","name":"Atalaya","image":{"@type":"ImageObject","@id":"https:\/\/www.atalaya.eu\/actualidad\/#personlogo","inLanguage":"es","url":"https:\/\/secure.gravatar.com\/avatar\/18613b53f3c2184b9d259778e24af0716c0793eb64bfb578efa5511ec51936ba?s=96&d=mm&r=g","contentUrl":"https:\/\/secure.gravatar.com\/avatar\/18613b53f3c2184b9d259778e24af0716c0793eb64bfb578efa5511ec51936ba?s=96&d=mm&r=g","caption":"Atalaya"},"sameAs":["https:\/\/www.atalaya.eu\/actualidad"],"url":"https:\/\/www.atalaya.eu\/actualidad\/author\/atalaya\/"}]}},"_links":{"self":[{"href":"https:\/\/www.atalaya.eu\/actualidad\/wp-json\/wp\/v2\/posts\/149","targetHints":{"allow":["GET"]}}],"collection":[{"href":"https:\/\/www.atalaya.eu\/actualidad\/wp-json\/wp\/v2\/posts"}],"about":[{"href":"https:\/\/www.atalaya.eu\/actualidad\/wp-json\/wp\/v2\/types\/post"}],"author":[{"embeddable":true,"href":"https:\/\/www.atalaya.eu\/actualidad\/wp-json\/wp\/v2\/users\/1"}],"replies":[{"embeddable":true,"href":"https:\/\/www.atalaya.eu\/actualidad\/wp-json\/wp\/v2\/comments?post=149"}],"version-history":[{"count":14,"href":"https:\/\/www.atalaya.eu\/actualidad\/wp-json\/wp\/v2\/posts\/149\/revisions"}],"predecessor-version":[{"id":499,"href":"https:\/\/www.atalaya.eu\/actualidad\/wp-json\/wp\/v2\/posts\/149\/revisions\/499"}],"wp:featuredmedia":[{"embeddable":true,"href":"https:\/\/www.atalaya.eu\/actualidad\/wp-json\/wp\/v2\/media\/188"}],"wp:attachment":[{"href":"https:\/\/www.atalaya.eu\/actualidad\/wp-json\/wp\/v2\/media?parent=149"}],"wp:term":[{"taxonomy":"category","embeddable":true,"href":"https:\/\/www.atalaya.eu\/actualidad\/wp-json\/wp\/v2\/categories?post=149"},{"taxonomy":"post_tag","embeddable":true,"href":"https:\/\/www.atalaya.eu\/actualidad\/wp-json\/wp\/v2\/tags?post=149"}],"curies":[{"name":"wp","href":"https:\/\/api.w.org\/{rel}","templated":true}]}}