{"id":284,"date":"2017-10-03T10:22:00","date_gmt":"2017-10-03T10:22:00","guid":{"rendered":"https:\/\/www.atalaya.eu\/actualidad\/?p=284"},"modified":"2022-04-27T12:26:28","modified_gmt":"2022-04-27T12:26:28","slug":"atalaya-generacion-y-forestalia-renovables-sl-invertiran-200-millones-en-el-mayor-parque-fotovoltaico-de-aragon","status":"publish","type":"post","link":"https:\/\/www.atalaya.eu\/actualidad\/noticias\/atalaya-generacion-y-forestalia-renovables-sl-invertiran-200-millones-en-el-mayor-parque-fotovoltaico-de-aragon\/","title":{"rendered":"ATALAYA GENERACION y FORESTALIA RENOVABLES, SL invertir\u00e1n 200 millones en el mayor parque fotovoltaico de Arag\u00f3n."},"content":{"rendered":"\n<figure class=\"wp-block-image size-full\"><img loading=\"lazy\" decoding=\"async\" width=\"900\" height=\"600\" src=\"https:\/\/www.atalaya.eu\/actualidad\/wp-content\/uploads\/2022\/04\/Heraldo-Atalaya-y-Forestalia.jpg\" alt=\"\" class=\"wp-image-285\"\/><\/figure>\n\n\n<p style=\"text-align: justify;\"><a id=\"ember6221\" class=\"feed-link feed-base-main-content__mention ember-view\" tabindex=\"0\" href=\"https:\/\/www.linkedin.com\/company\/11037323\/?lipi=urn%3Ali%3Apage%3Ad_flagship3_detail_base%3BX6ENJ86JT42CECiYyfnihw%3D%3D&amp;licu=urn%3Ali%3Acontrol%3Ad_flagship3_detail_base-mention\" data-control-name=\"mention\" data-artdeco-is-focused=\"true\"><span data-entity-hovercard-id=\"urn:li:fs_miniCompany:11037323\">ATALAYA GENERACION<\/span><\/a><span id=\"ember6223\" class=\"ember-view\">\u00a0y\u00a0<\/span><a id=\"ember6226\" class=\"feed-link feed-base-main-content__mention ember-view\" tabindex=\"0\" href=\"https:\/\/www.linkedin.com\/company\/5264229\/\" data-control-name=\"mention\"><span data-entity-hovercard-id=\"urn:li:fs_miniCompany:5264229\">FORESTALIA RENOVABLES, SL<\/span><\/a><span id=\"ember6228\" class=\"ember-view\">\u00a0invertir\u00e1n 200 millones en el mayor parque fotovoltaico de Arag\u00f3n. El parque, de 242 MW y que se construir\u00e1 en Fuentes de Ebro, crear\u00e1 1.200 empleos durante las obras y 50 en la fase de explotaci\u00f3n.\u00a0\u00a0<\/span><\/p>\n<p style=\"text-align: justify;\"><span id=\"ember6228\" class=\"ember-view\">Las dos empresas llevar\u00e1n a cabo un desarrollo conjunto del proyecto, inicialmente pilotado por\u00a0<\/span><a id=\"ember6231\" class=\"feed-link feed-base-main-content__mention ember-view\" tabindex=\"0\" href=\"https:\/\/www.linkedin.com\/company\/11037323\/\" data-control-name=\"mention\"><span data-entity-hovercard-id=\"urn:li:fs_miniCompany:11037323\">ATALAYA GENERACION<\/span><\/a><span id=\"ember6233\" class=\"ember-view\">.<\/span><\/p>\n\n\n<div class=\"wp-block-buttons is-layout-flex wp-block-buttons-is-layout-flex\">\n<div class=\"wp-block-button\"><a class=\"wp-block-button__link\" href=\"https:\/\/www.heraldo.es\/noticias\/heraldo-premium\/aragon\/2017\/10\/03\/forestalia-atalaya-invertiran-200-millones-mayor-parque-fotovoltaico-aragon-1199849-2091027.html\" target=\"_blank\" rel=\"noreferrer noopener\">Noticia Heraldo<\/a><\/div>\n<\/div>\n\n\n\n<p><\/p>\n","protected":false},"excerpt":{"rendered":"<p>ATALAYA GENERACION\u00a0y\u00a0FORESTALIA RENOVABLES, SL\u00a0invertir\u00e1n 200 millones en el mayor parque fotovoltaico de Arag\u00f3n. El parque, de 242 MW y que se construir\u00e1 en Fuentes de Ebro, crear\u00e1 1.200 empleos durante las obras y 50 en la fase de explotaci\u00f3n.\u00a0\u00a0 Las dos empresas llevar\u00e1n a cabo un desarrollo conjunto del proyecto, inicialmente pilotado por\u00a0ATALAYA GENERACION.<\/p>\n","protected":false},"author":1,"featured_media":285,"comment_status":"closed","ping_status":"open","sticky":false,"template":"","format":"standard","meta":{"inline_featured_image":false,"site-sidebar-layout":"default","site-content-layout":"default","ast-main-header-display":"","ast-hfb-above-header-display":"","ast-hfb-below-header-display":"","ast-hfb-mobile-header-display":"","site-post-title":"","ast-breadcrumbs-content":"","ast-featured-img":"","footer-sml-layout":"","theme-transparent-header-meta":"","adv-header-id-meta":"","stick-header-meta":"","header-above-stick-meta":"","header-main-stick-meta":"","header-below-stick-meta":"","footnotes":""},"categories":[4],"tags":[],"class_list":["post-284","post","type-post","status-publish","format-standard","has-post-thumbnail","hentry","category-noticias"],"yoast_head":"<!-- This site is optimized with the Yoast SEO plugin v18.5.1 - https:\/\/yoast.com\/wordpress\/plugins\/seo\/ -->\n<title>ATALAYA GENERACION y FORESTALIA RENOVABLES, SL invertir\u00e1n 200 millones en el mayor parque fotovoltaico de Arag\u00f3n. - ATALAYA Generaci\u00f3n E\u00f3lica<\/title>\n<meta name=\"robots\" content=\"index, follow, max-snippet:-1, max-image-preview:large, max-video-preview:-1\" \/>\n<link rel=\"canonical\" href=\"https:\/\/www.atalaya.eu\/actualidad\/noticias\/atalaya-generacion-y-forestalia-renovables-sl-invertiran-200-millones-en-el-mayor-parque-fotovoltaico-de-aragon\/\" \/>\n<meta property=\"og:locale\" content=\"es_ES\" \/>\n<meta property=\"og:type\" content=\"article\" \/>\n<meta property=\"og:title\" content=\"ATALAYA GENERACION y FORESTALIA RENOVABLES, SL invertir\u00e1n 200 millones en el mayor parque fotovoltaico de Arag\u00f3n. - ATALAYA Generaci\u00f3n E\u00f3lica\" \/>\n<meta property=\"og:description\" content=\"ATALAYA GENERACION\u00a0y\u00a0FORESTALIA RENOVABLES, SL\u00a0invertir\u00e1n 200 millones en el mayor parque fotovoltaico de Arag\u00f3n. El parque, de 242 MW y que se construir\u00e1 en Fuentes de Ebro, crear\u00e1 1.200 empleos durante las obras y 50 en la fase de explotaci\u00f3n.\u00a0\u00a0 Las dos empresas llevar\u00e1n a cabo un desarrollo conjunto del proyecto, inicialmente pilotado por\u00a0ATALAYA GENERACION.\" \/>\n<meta property=\"og:url\" content=\"https:\/\/www.atalaya.eu\/actualidad\/noticias\/atalaya-generacion-y-forestalia-renovables-sl-invertiran-200-millones-en-el-mayor-parque-fotovoltaico-de-aragon\/\" \/>\n<meta property=\"og:site_name\" content=\"ATALAYA Generaci\u00f3n E\u00f3lica\" \/>\n<meta property=\"article:published_time\" content=\"2017-10-03T10:22:00+00:00\" \/>\n<meta property=\"article:modified_time\" content=\"2022-04-27T12:26:28+00:00\" \/>\n<meta property=\"og:image\" content=\"https:\/\/www.atalaya.eu\/actualidad\/wp-content\/uploads\/2022\/04\/Heraldo-Atalaya-y-Forestalia.jpg\" \/>\n\t<meta property=\"og:image:width\" content=\"900\" \/>\n\t<meta property=\"og:image:height\" content=\"600\" \/>\n\t<meta property=\"og:image:type\" content=\"image\/jpeg\" \/>\n<meta name=\"twitter:card\" content=\"summary_large_image\" \/>\n<meta name=\"twitter:label1\" content=\"Escrito por\" \/>\n\t<meta name=\"twitter:data1\" content=\"Atalaya\" \/>\n\t<meta name=\"twitter:label2\" content=\"Tiempo de lectura\" \/>\n\t<meta name=\"twitter:data2\" content=\"1 minuto\" \/>\n<script type=\"application\/ld+json\" class=\"yoast-schema-graph\">{\"@context\":\"https:\/\/schema.org\",\"@graph\":[{\"@type\":\"WebSite\",\"@id\":\"https:\/\/www.atalaya.eu\/actualidad\/#website\",\"url\":\"https:\/\/www.atalaya.eu\/actualidad\/\",\"name\":\"ATALAYA Generaci\u00f3n E\u00f3lica\",\"description\":\"ATALAYA Generaci\u00f3n E\u00f3lica\",\"potentialAction\":[{\"@type\":\"SearchAction\",\"target\":{\"@type\":\"EntryPoint\",\"urlTemplate\":\"https:\/\/www.atalaya.eu\/actualidad\/?s={search_term_string}\"},\"query-input\":\"required name=search_term_string\"}],\"inLanguage\":\"es\"},{\"@type\":\"ImageObject\",\"@id\":\"https:\/\/www.atalaya.eu\/actualidad\/noticias\/atalaya-generacion-y-forestalia-renovables-sl-invertiran-200-millones-en-el-mayor-parque-fotovoltaico-de-aragon\/#primaryimage\",\"inLanguage\":\"es\",\"url\":\"https:\/\/www.atalaya.eu\/actualidad\/wp-content\/uploads\/2022\/04\/Heraldo-Atalaya-y-Forestalia.jpg\",\"contentUrl\":\"https:\/\/www.atalaya.eu\/actualidad\/wp-content\/uploads\/2022\/04\/Heraldo-Atalaya-y-Forestalia.jpg\",\"width\":900,\"height\":600},{\"@type\":\"WebPage\",\"@id\":\"https:\/\/www.atalaya.eu\/actualidad\/noticias\/atalaya-generacion-y-forestalia-renovables-sl-invertiran-200-millones-en-el-mayor-parque-fotovoltaico-de-aragon\/#webpage\",\"url\":\"https:\/\/www.atalaya.eu\/actualidad\/noticias\/atalaya-generacion-y-forestalia-renovables-sl-invertiran-200-millones-en-el-mayor-parque-fotovoltaico-de-aragon\/\",\"name\":\"ATALAYA GENERACION y FORESTALIA RENOVABLES, SL invertir\u00e1n 200 millones en el mayor parque fotovoltaico de Arag\u00f3n. - ATALAYA Generaci\u00f3n E\u00f3lica\",\"isPartOf\":{\"@id\":\"https:\/\/www.atalaya.eu\/actualidad\/#website\"},\"primaryImageOfPage\":{\"@id\":\"https:\/\/www.atalaya.eu\/actualidad\/noticias\/atalaya-generacion-y-forestalia-renovables-sl-invertiran-200-millones-en-el-mayor-parque-fotovoltaico-de-aragon\/#primaryimage\"},\"datePublished\":\"2017-10-03T10:22:00+00:00\",\"dateModified\":\"2022-04-27T12:26:28+00:00\",\"author\":{\"@id\":\"https:\/\/www.atalaya.eu\/actualidad\/#\/schema\/person\/c87c3875b91eae1047695e51cd11baad\"},\"breadcrumb\":{\"@id\":\"https:\/\/www.atalaya.eu\/actualidad\/noticias\/atalaya-generacion-y-forestalia-renovables-sl-invertiran-200-millones-en-el-mayor-parque-fotovoltaico-de-aragon\/#breadcrumb\"},\"inLanguage\":\"es\",\"potentialAction\":[{\"@type\":\"ReadAction\",\"target\":[\"https:\/\/www.atalaya.eu\/actualidad\/noticias\/atalaya-generacion-y-forestalia-renovables-sl-invertiran-200-millones-en-el-mayor-parque-fotovoltaico-de-aragon\/\"]}]},{\"@type\":\"BreadcrumbList\",\"@id\":\"https:\/\/www.atalaya.eu\/actualidad\/noticias\/atalaya-generacion-y-forestalia-renovables-sl-invertiran-200-millones-en-el-mayor-parque-fotovoltaico-de-aragon\/#breadcrumb\",\"itemListElement\":[{\"@type\":\"ListItem\",\"position\":1,\"name\":\"Portada\",\"item\":\"https:\/\/www.atalaya.eu\/actualidad\/\"},{\"@type\":\"ListItem\",\"position\":2,\"name\":\"ATALAYA GENERACION y FORESTALIA RENOVABLES, SL invertir\u00e1n 200 millones en el mayor parque fotovoltaico de Arag\u00f3n.\"}]},{\"@type\":\"Person\",\"@id\":\"https:\/\/www.atalaya.eu\/actualidad\/#\/schema\/person\/c87c3875b91eae1047695e51cd11baad\",\"name\":\"Atalaya\",\"image\":{\"@type\":\"ImageObject\",\"@id\":\"https:\/\/www.atalaya.eu\/actualidad\/#personlogo\",\"inLanguage\":\"es\",\"url\":\"https:\/\/secure.gravatar.com\/avatar\/18613b53f3c2184b9d259778e24af0716c0793eb64bfb578efa5511ec51936ba?s=96&d=mm&r=g\",\"contentUrl\":\"https:\/\/secure.gravatar.com\/avatar\/18613b53f3c2184b9d259778e24af0716c0793eb64bfb578efa5511ec51936ba?s=96&d=mm&r=g\",\"caption\":\"Atalaya\"},\"sameAs\":[\"https:\/\/www.atalaya.eu\/actualidad\"],\"url\":\"https:\/\/www.atalaya.eu\/actualidad\/author\/atalaya\/\"}]}<\/script>\n<!-- \/ Yoast SEO plugin. -->","yoast_head_json":{"title":"ATALAYA GENERACION y FORESTALIA RENOVABLES, SL invertir\u00e1n 200 millones en el mayor parque fotovoltaico de Arag\u00f3n. - ATALAYA Generaci\u00f3n E\u00f3lica","robots":{"index":"index","follow":"follow","max-snippet":"max-snippet:-1","max-image-preview":"max-image-preview:large","max-video-preview":"max-video-preview:-1"},"canonical":"https:\/\/www.atalaya.eu\/actualidad\/noticias\/atalaya-generacion-y-forestalia-renovables-sl-invertiran-200-millones-en-el-mayor-parque-fotovoltaico-de-aragon\/","og_locale":"es_ES","og_type":"article","og_title":"ATALAYA GENERACION y FORESTALIA RENOVABLES, SL invertir\u00e1n 200 millones en el mayor parque fotovoltaico de Arag\u00f3n. - ATALAYA Generaci\u00f3n E\u00f3lica","og_description":"ATALAYA GENERACION\u00a0y\u00a0FORESTALIA RENOVABLES, SL\u00a0invertir\u00e1n 200 millones en el mayor parque fotovoltaico de Arag\u00f3n. El parque, de 242 MW y que se construir\u00e1 en Fuentes de Ebro, crear\u00e1 1.200 empleos durante las obras y 50 en la fase de explotaci\u00f3n.\u00a0\u00a0 Las dos empresas llevar\u00e1n a cabo un desarrollo conjunto del proyecto, inicialmente pilotado por\u00a0ATALAYA GENERACION.","og_url":"https:\/\/www.atalaya.eu\/actualidad\/noticias\/atalaya-generacion-y-forestalia-renovables-sl-invertiran-200-millones-en-el-mayor-parque-fotovoltaico-de-aragon\/","og_site_name":"ATALAYA Generaci\u00f3n E\u00f3lica","article_published_time":"2017-10-03T10:22:00+00:00","article_modified_time":"2022-04-27T12:26:28+00:00","og_image":[{"width":900,"height":600,"url":"https:\/\/www.atalaya.eu\/actualidad\/wp-content\/uploads\/2022\/04\/Heraldo-Atalaya-y-Forestalia.jpg","type":"image\/jpeg"}],"twitter_card":"summary_large_image","twitter_misc":{"Escrito por":"Atalaya","Tiempo de lectura":"1 minuto"},"schema":{"@context":"https:\/\/schema.org","@graph":[{"@type":"WebSite","@id":"https:\/\/www.atalaya.eu\/actualidad\/#website","url":"https:\/\/www.atalaya.eu\/actualidad\/","name":"ATALAYA Generaci\u00f3n E\u00f3lica","description":"ATALAYA Generaci\u00f3n E\u00f3lica","potentialAction":[{"@type":"SearchAction","target":{"@type":"EntryPoint","urlTemplate":"https:\/\/www.atalaya.eu\/actualidad\/?s={search_term_string}"},"query-input":"required name=search_term_string"}],"inLanguage":"es"},{"@type":"ImageObject","@id":"https:\/\/www.atalaya.eu\/actualidad\/noticias\/atalaya-generacion-y-forestalia-renovables-sl-invertiran-200-millones-en-el-mayor-parque-fotovoltaico-de-aragon\/#primaryimage","inLanguage":"es","url":"https:\/\/www.atalaya.eu\/actualidad\/wp-content\/uploads\/2022\/04\/Heraldo-Atalaya-y-Forestalia.jpg","contentUrl":"https:\/\/www.atalaya.eu\/actualidad\/wp-content\/uploads\/2022\/04\/Heraldo-Atalaya-y-Forestalia.jpg","width":900,"height":600},{"@type":"WebPage","@id":"https:\/\/www.atalaya.eu\/actualidad\/noticias\/atalaya-generacion-y-forestalia-renovables-sl-invertiran-200-millones-en-el-mayor-parque-fotovoltaico-de-aragon\/#webpage","url":"https:\/\/www.atalaya.eu\/actualidad\/noticias\/atalaya-generacion-y-forestalia-renovables-sl-invertiran-200-millones-en-el-mayor-parque-fotovoltaico-de-aragon\/","name":"ATALAYA GENERACION y FORESTALIA RENOVABLES, SL invertir\u00e1n 200 millones en el mayor parque fotovoltaico de Arag\u00f3n. - ATALAYA Generaci\u00f3n E\u00f3lica","isPartOf":{"@id":"https:\/\/www.atalaya.eu\/actualidad\/#website"},"primaryImageOfPage":{"@id":"https:\/\/www.atalaya.eu\/actualidad\/noticias\/atalaya-generacion-y-forestalia-renovables-sl-invertiran-200-millones-en-el-mayor-parque-fotovoltaico-de-aragon\/#primaryimage"},"datePublished":"2017-10-03T10:22:00+00:00","dateModified":"2022-04-27T12:26:28+00:00","author":{"@id":"https:\/\/www.atalaya.eu\/actualidad\/#\/schema\/person\/c87c3875b91eae1047695e51cd11baad"},"breadcrumb":{"@id":"https:\/\/www.atalaya.eu\/actualidad\/noticias\/atalaya-generacion-y-forestalia-renovables-sl-invertiran-200-millones-en-el-mayor-parque-fotovoltaico-de-aragon\/#breadcrumb"},"inLanguage":"es","potentialAction":[{"@type":"ReadAction","target":["https:\/\/www.atalaya.eu\/actualidad\/noticias\/atalaya-generacion-y-forestalia-renovables-sl-invertiran-200-millones-en-el-mayor-parque-fotovoltaico-de-aragon\/"]}]},{"@type":"BreadcrumbList","@id":"https:\/\/www.atalaya.eu\/actualidad\/noticias\/atalaya-generacion-y-forestalia-renovables-sl-invertiran-200-millones-en-el-mayor-parque-fotovoltaico-de-aragon\/#breadcrumb","itemListElement":[{"@type":"ListItem","position":1,"name":"Portada","item":"https:\/\/www.atalaya.eu\/actualidad\/"},{"@type":"ListItem","position":2,"name":"ATALAYA GENERACION y FORESTALIA RENOVABLES, SL invertir\u00e1n 200 millones en el mayor parque fotovoltaico de Arag\u00f3n."}]},{"@type":"Person","@id":"https:\/\/www.atalaya.eu\/actualidad\/#\/schema\/person\/c87c3875b91eae1047695e51cd11baad","name":"Atalaya","image":{"@type":"ImageObject","@id":"https:\/\/www.atalaya.eu\/actualidad\/#personlogo","inLanguage":"es","url":"https:\/\/secure.gravatar.com\/avatar\/18613b53f3c2184b9d259778e24af0716c0793eb64bfb578efa5511ec51936ba?s=96&d=mm&r=g","contentUrl":"https:\/\/secure.gravatar.com\/avatar\/18613b53f3c2184b9d259778e24af0716c0793eb64bfb578efa5511ec51936ba?s=96&d=mm&r=g","caption":"Atalaya"},"sameAs":["https:\/\/www.atalaya.eu\/actualidad"],"url":"https:\/\/www.atalaya.eu\/actualidad\/author\/atalaya\/"}]}},"_links":{"self":[{"href":"https:\/\/www.atalaya.eu\/actualidad\/wp-json\/wp\/v2\/posts\/284","targetHints":{"allow":["GET"]}}],"collection":[{"href":"https:\/\/www.atalaya.eu\/actualidad\/wp-json\/wp\/v2\/posts"}],"about":[{"href":"https:\/\/www.atalaya.eu\/actualidad\/wp-json\/wp\/v2\/types\/post"}],"author":[{"embeddable":true,"href":"https:\/\/www.atalaya.eu\/actualidad\/wp-json\/wp\/v2\/users\/1"}],"replies":[{"embeddable":true,"href":"https:\/\/www.atalaya.eu\/actualidad\/wp-json\/wp\/v2\/comments?post=284"}],"version-history":[{"count":1,"href":"https:\/\/www.atalaya.eu\/actualidad\/wp-json\/wp\/v2\/posts\/284\/revisions"}],"predecessor-version":[{"id":286,"href":"https:\/\/www.atalaya.eu\/actualidad\/wp-json\/wp\/v2\/posts\/284\/revisions\/286"}],"wp:featuredmedia":[{"embeddable":true,"href":"https:\/\/www.atalaya.eu\/actualidad\/wp-json\/wp\/v2\/media\/285"}],"wp:attachment":[{"href":"https:\/\/www.atalaya.eu\/actualidad\/wp-json\/wp\/v2\/media?parent=284"}],"wp:term":[{"taxonomy":"category","embeddable":true,"href":"https:\/\/www.atalaya.eu\/actualidad\/wp-json\/wp\/v2\/categories?post=284"},{"taxonomy":"post_tag","embeddable":true,"href":"https:\/\/www.atalaya.eu\/actualidad\/wp-json\/wp\/v2\/tags?post=284"}],"curies":[{"name":"wp","href":"https:\/\/api.w.org\/{rel}","templated":true}]}}