{"id":287,"date":"2017-09-11T10:26:00","date_gmt":"2017-09-11T10:26:00","guid":{"rendered":"https:\/\/www.atalaya.eu\/actualidad\/?p=287"},"modified":"2022-04-27T12:26:04","modified_gmt":"2022-04-27T12:26:04","slug":"atalaya-generacion-se-suma-como-socio-fundador-al-cluster-de-la-energia-de-aragon","status":"publish","type":"post","link":"https:\/\/www.atalaya.eu\/actualidad\/noticias\/atalaya-generacion-se-suma-como-socio-fundador-al-cluster-de-la-energia-de-aragon\/","title":{"rendered":"ATALAYA GENERACION se suma como socio fundador al Cl\u00faster de la Energ\u00eda de Arag\u00f3n"},"content":{"rendered":"\n<figure class=\"wp-block-image size-full\"><img loading=\"lazy\" decoding=\"async\" width=\"900\" height=\"600\" src=\"https:\/\/www.atalaya.eu\/actualidad\/wp-content\/uploads\/2022\/04\/cluster-EnergiaAragon-Atalaya-Generacion-heraldo.jpg\" alt=\"\" class=\"wp-image-288\"\/><\/figure>\n\n\n<p class=\"selectionShareable\" style=\"text-align: justify;\">El Cluster de la Energ\u00eda de Arag\u00f3n nace el 11 de septiembre de 2017 con la participaci\u00f3n de 37 socios entre las que figuran las principales empresas y entidades de la comunidad aragonesa. Entre sus principales objetivos est\u00e1 la dinamizaci\u00f3n del sector energ\u00e9tico en Arag\u00f3n, que emplea a 7.200 personas y supone el 10% del PIB de Arag\u00f3n y el 5% del Valor A\u00f1adido Bruto, apostar por la I+D e impulsar la internacionalizaci\u00f3n de las compa\u00f1\u00edas y de las pymes que conforman su tejido empresarial auxiliar.<\/p>\n<p class=\"selectionShareable\" style=\"text-align: justify;\">Retomar el desarrollo de las energ\u00edas renovables y aprovechar el \u00abempuj\u00f3n\u00bb que hay a todo tipo de energ\u00edas es uno de los retos que tendr\u00e1 por delante este conglomerado energ\u00e9tico, seg\u00fan ha avanzado tras la constituci\u00f3n Joaqu\u00edn Cez\u00f3n, su presidente provisional y presidente de la Comisi\u00f3n de Industria y Energ\u00eda de la C\u00e1mara de Comercio de Zaragoza.<\/p>\n<p class=\"selectionShareable\" style=\"text-align: justify;\">M\u00e1s informaci\u00f3n en medios:<\/p>\n<ul>\n<li style=\"list-style-type: none;\">\n<ul>\n<li><a title=\"JORNADA DE CONSTITUCI\u00d3N DEL CLUSTER DE LA ENERG\u00cdA DE ARAG\u00d3N\" href=\"https:\/\/www.aragonempresa.com\/cluster-energia\" target=\"_blank\" rel=\"noopener\">Arag\u00f3n Empresa<\/a><\/li>\n<li><a title=\"Nace el cl\u00faster de la energ\u00eda de Arag\u00f3n\" href=\"http:\/\/www.heraldo.es\/noticias\/economia\/2017\/09\/11\/nace-cluster-energia-aragon-1196047-309.html\" target=\"_blank\" rel=\"noopener\">Herado de Arag\u00f3n <\/a><\/li>\n<li><a style=\"font-size: 1rem; background-color: var(--ast-global-color-5);\" title=\"Nace el cl\u00faster energ\u00e9tico de Arag\u00f3n con 37 entidades para impulsar el sector\" href=\"http:\/\/www.elperiodicodearagon.com\/noticias\/economia\/nace-cluster-energetico-aragon-37-entidades-impulsar-sector_1226560.html\" target=\"_blank\" rel=\"noopener\">el Peri\u00f3dico de Arag\u00f3n<\/a><\/li>\n<li><a style=\"font-size: 1rem; background-color: var(--ast-global-color-5);\" title=\"Arag\u00f3n impulsa su potencial energ\u00e9tico con la creaci\u00f3n del Cluster de Energ\u00eda\" href=\"http:\/\/www.eleconomista.es\/aragon\/noticias\/8600296\/09\/17\/Aragon-impulsa-su-potencial-energetico-con-la-creacion-del-Cluster-de-Energia.html\" target=\"_blank\" rel=\"noopener\">elEconomista.es<\/a><\/li>\n<li><a style=\"font-size: 1rem; background-color: var(--ast-global-color-5);\" title=\"El Cluster de la Energ\u00eda de Arag\u00f3n nace con casi 40 socios\" href=\"https:\/\/www.camarazaragoza.com\/actualidad\/el-cluster-de-la-energia-de-aragon-nace-con-casi-40-socios\/\" target=\"_blank\" rel=\"noopener\">c\u00e1mara Zaragoza<\/a><\/li>\n<\/ul>\n<\/li>\n<\/ul>","protected":false},"excerpt":{"rendered":"<p>El Cluster de la Energ\u00eda de Arag\u00f3n nace el 11 de septiembre de 2017 con la participaci\u00f3n de 37 socios entre las que figuran las principales empresas y entidades de la comunidad aragonesa. Entre sus principales objetivos est\u00e1 la dinamizaci\u00f3n del sector energ\u00e9tico en Arag\u00f3n, que emplea a 7.200 personas y supone el 10% del &hellip;<\/p>\n<p class=\"read-more\"> <a class=\"\" href=\"https:\/\/www.atalaya.eu\/actualidad\/noticias\/atalaya-generacion-se-suma-como-socio-fundador-al-cluster-de-la-energia-de-aragon\/\"> <span class=\"screen-reader-text\">ATALAYA GENERACION se suma como socio fundador al Cl\u00faster de la Energ\u00eda de Arag\u00f3n<\/span> Leer m\u00e1s &raquo;<\/a><\/p>\n","protected":false},"author":1,"featured_media":288,"comment_status":"closed","ping_status":"open","sticky":false,"template":"","format":"standard","meta":{"inline_featured_image":false,"site-sidebar-layout":"default","site-content-layout":"default","ast-main-header-display":"","ast-hfb-above-header-display":"","ast-hfb-below-header-display":"","ast-hfb-mobile-header-display":"","site-post-title":"","ast-breadcrumbs-content":"","ast-featured-img":"","footer-sml-layout":"","theme-transparent-header-meta":"","adv-header-id-meta":"","stick-header-meta":"","header-above-stick-meta":"","header-main-stick-meta":"","header-below-stick-meta":"","footnotes":""},"categories":[4],"tags":[],"class_list":["post-287","post","type-post","status-publish","format-standard","has-post-thumbnail","hentry","category-noticias"],"yoast_head":"<!-- This site is optimized with the Yoast SEO plugin v18.5.1 - https:\/\/yoast.com\/wordpress\/plugins\/seo\/ -->\n<title>ATALAYA GENERACION se suma como socio fundador al Cl\u00faster de la Energ\u00eda de Arag\u00f3n - ATALAYA Generaci\u00f3n E\u00f3lica<\/title>\n<meta name=\"robots\" content=\"index, follow, max-snippet:-1, max-image-preview:large, max-video-preview:-1\" \/>\n<link rel=\"canonical\" href=\"https:\/\/www.atalaya.eu\/actualidad\/noticias\/atalaya-generacion-se-suma-como-socio-fundador-al-cluster-de-la-energia-de-aragon\/\" \/>\n<meta property=\"og:locale\" content=\"es_ES\" \/>\n<meta property=\"og:type\" content=\"article\" \/>\n<meta property=\"og:title\" content=\"ATALAYA GENERACION se suma como socio fundador al Cl\u00faster de la Energ\u00eda de Arag\u00f3n - ATALAYA Generaci\u00f3n E\u00f3lica\" \/>\n<meta property=\"og:description\" content=\"El Cluster de la Energ\u00eda de Arag\u00f3n nace el 11 de septiembre de 2017 con la participaci\u00f3n de 37 socios entre las que figuran las principales empresas y entidades de la comunidad aragonesa. Entre sus principales objetivos est\u00e1 la dinamizaci\u00f3n del sector energ\u00e9tico en Arag\u00f3n, que emplea a 7.200 personas y supone el 10% del &hellip; ATALAYA GENERACION se suma como socio fundador al Cl\u00faster de la Energ\u00eda de Arag\u00f3n Leer m\u00e1s &raquo;\" \/>\n<meta property=\"og:url\" content=\"https:\/\/www.atalaya.eu\/actualidad\/noticias\/atalaya-generacion-se-suma-como-socio-fundador-al-cluster-de-la-energia-de-aragon\/\" \/>\n<meta property=\"og:site_name\" content=\"ATALAYA Generaci\u00f3n E\u00f3lica\" \/>\n<meta property=\"article:published_time\" content=\"2017-09-11T10:26:00+00:00\" \/>\n<meta property=\"article:modified_time\" content=\"2022-04-27T12:26:04+00:00\" \/>\n<meta property=\"og:image\" content=\"https:\/\/www.atalaya.eu\/actualidad\/wp-content\/uploads\/2022\/04\/cluster-EnergiaAragon-Atalaya-Generacion-heraldo.jpg\" \/>\n\t<meta property=\"og:image:width\" content=\"900\" \/>\n\t<meta property=\"og:image:height\" content=\"600\" \/>\n\t<meta property=\"og:image:type\" content=\"image\/jpeg\" \/>\n<meta name=\"twitter:card\" content=\"summary_large_image\" \/>\n<meta name=\"twitter:label1\" content=\"Escrito por\" \/>\n\t<meta name=\"twitter:data1\" content=\"Atalaya\" \/>\n\t<meta name=\"twitter:label2\" content=\"Tiempo de lectura\" \/>\n\t<meta name=\"twitter:data2\" content=\"1 minuto\" \/>\n<script type=\"application\/ld+json\" class=\"yoast-schema-graph\">{\"@context\":\"https:\/\/schema.org\",\"@graph\":[{\"@type\":\"WebSite\",\"@id\":\"https:\/\/www.atalaya.eu\/actualidad\/#website\",\"url\":\"https:\/\/www.atalaya.eu\/actualidad\/\",\"name\":\"ATALAYA Generaci\u00f3n E\u00f3lica\",\"description\":\"ATALAYA Generaci\u00f3n E\u00f3lica\",\"potentialAction\":[{\"@type\":\"SearchAction\",\"target\":{\"@type\":\"EntryPoint\",\"urlTemplate\":\"https:\/\/www.atalaya.eu\/actualidad\/?s={search_term_string}\"},\"query-input\":\"required name=search_term_string\"}],\"inLanguage\":\"es\"},{\"@type\":\"ImageObject\",\"@id\":\"https:\/\/www.atalaya.eu\/actualidad\/noticias\/atalaya-generacion-se-suma-como-socio-fundador-al-cluster-de-la-energia-de-aragon\/#primaryimage\",\"inLanguage\":\"es\",\"url\":\"https:\/\/www.atalaya.eu\/actualidad\/wp-content\/uploads\/2022\/04\/cluster-EnergiaAragon-Atalaya-Generacion-heraldo.jpg\",\"contentUrl\":\"https:\/\/www.atalaya.eu\/actualidad\/wp-content\/uploads\/2022\/04\/cluster-EnergiaAragon-Atalaya-Generacion-heraldo.jpg\",\"width\":900,\"height\":600},{\"@type\":\"WebPage\",\"@id\":\"https:\/\/www.atalaya.eu\/actualidad\/noticias\/atalaya-generacion-se-suma-como-socio-fundador-al-cluster-de-la-energia-de-aragon\/#webpage\",\"url\":\"https:\/\/www.atalaya.eu\/actualidad\/noticias\/atalaya-generacion-se-suma-como-socio-fundador-al-cluster-de-la-energia-de-aragon\/\",\"name\":\"ATALAYA GENERACION se suma como socio fundador al Cl\u00faster de la Energ\u00eda de Arag\u00f3n - ATALAYA Generaci\u00f3n E\u00f3lica\",\"isPartOf\":{\"@id\":\"https:\/\/www.atalaya.eu\/actualidad\/#website\"},\"primaryImageOfPage\":{\"@id\":\"https:\/\/www.atalaya.eu\/actualidad\/noticias\/atalaya-generacion-se-suma-como-socio-fundador-al-cluster-de-la-energia-de-aragon\/#primaryimage\"},\"datePublished\":\"2017-09-11T10:26:00+00:00\",\"dateModified\":\"2022-04-27T12:26:04+00:00\",\"author\":{\"@id\":\"https:\/\/www.atalaya.eu\/actualidad\/#\/schema\/person\/c87c3875b91eae1047695e51cd11baad\"},\"breadcrumb\":{\"@id\":\"https:\/\/www.atalaya.eu\/actualidad\/noticias\/atalaya-generacion-se-suma-como-socio-fundador-al-cluster-de-la-energia-de-aragon\/#breadcrumb\"},\"inLanguage\":\"es\",\"potentialAction\":[{\"@type\":\"ReadAction\",\"target\":[\"https:\/\/www.atalaya.eu\/actualidad\/noticias\/atalaya-generacion-se-suma-como-socio-fundador-al-cluster-de-la-energia-de-aragon\/\"]}]},{\"@type\":\"BreadcrumbList\",\"@id\":\"https:\/\/www.atalaya.eu\/actualidad\/noticias\/atalaya-generacion-se-suma-como-socio-fundador-al-cluster-de-la-energia-de-aragon\/#breadcrumb\",\"itemListElement\":[{\"@type\":\"ListItem\",\"position\":1,\"name\":\"Portada\",\"item\":\"https:\/\/www.atalaya.eu\/actualidad\/\"},{\"@type\":\"ListItem\",\"position\":2,\"name\":\"ATALAYA GENERACION se suma como socio fundador al Cl\u00faster de la Energ\u00eda de Arag\u00f3n\"}]},{\"@type\":\"Person\",\"@id\":\"https:\/\/www.atalaya.eu\/actualidad\/#\/schema\/person\/c87c3875b91eae1047695e51cd11baad\",\"name\":\"Atalaya\",\"image\":{\"@type\":\"ImageObject\",\"@id\":\"https:\/\/www.atalaya.eu\/actualidad\/#personlogo\",\"inLanguage\":\"es\",\"url\":\"https:\/\/secure.gravatar.com\/avatar\/18613b53f3c2184b9d259778e24af0716c0793eb64bfb578efa5511ec51936ba?s=96&d=mm&r=g\",\"contentUrl\":\"https:\/\/secure.gravatar.com\/avatar\/18613b53f3c2184b9d259778e24af0716c0793eb64bfb578efa5511ec51936ba?s=96&d=mm&r=g\",\"caption\":\"Atalaya\"},\"sameAs\":[\"https:\/\/www.atalaya.eu\/actualidad\"],\"url\":\"https:\/\/www.atalaya.eu\/actualidad\/author\/atalaya\/\"}]}<\/script>\n<!-- \/ Yoast SEO plugin. -->","yoast_head_json":{"title":"ATALAYA GENERACION se suma como socio fundador al Cl\u00faster de la Energ\u00eda de Arag\u00f3n - ATALAYA Generaci\u00f3n E\u00f3lica","robots":{"index":"index","follow":"follow","max-snippet":"max-snippet:-1","max-image-preview":"max-image-preview:large","max-video-preview":"max-video-preview:-1"},"canonical":"https:\/\/www.atalaya.eu\/actualidad\/noticias\/atalaya-generacion-se-suma-como-socio-fundador-al-cluster-de-la-energia-de-aragon\/","og_locale":"es_ES","og_type":"article","og_title":"ATALAYA GENERACION se suma como socio fundador al Cl\u00faster de la Energ\u00eda de Arag\u00f3n - ATALAYA Generaci\u00f3n E\u00f3lica","og_description":"El Cluster de la Energ\u00eda de Arag\u00f3n nace el 11 de septiembre de 2017 con la participaci\u00f3n de 37 socios entre las que figuran las principales empresas y entidades de la comunidad aragonesa. Entre sus principales objetivos est\u00e1 la dinamizaci\u00f3n del sector energ\u00e9tico en Arag\u00f3n, que emplea a 7.200 personas y supone el 10% del &hellip; ATALAYA GENERACION se suma como socio fundador al Cl\u00faster de la Energ\u00eda de Arag\u00f3n Leer m\u00e1s &raquo;","og_url":"https:\/\/www.atalaya.eu\/actualidad\/noticias\/atalaya-generacion-se-suma-como-socio-fundador-al-cluster-de-la-energia-de-aragon\/","og_site_name":"ATALAYA Generaci\u00f3n E\u00f3lica","article_published_time":"2017-09-11T10:26:00+00:00","article_modified_time":"2022-04-27T12:26:04+00:00","og_image":[{"width":900,"height":600,"url":"https:\/\/www.atalaya.eu\/actualidad\/wp-content\/uploads\/2022\/04\/cluster-EnergiaAragon-Atalaya-Generacion-heraldo.jpg","type":"image\/jpeg"}],"twitter_card":"summary_large_image","twitter_misc":{"Escrito por":"Atalaya","Tiempo de lectura":"1 minuto"},"schema":{"@context":"https:\/\/schema.org","@graph":[{"@type":"WebSite","@id":"https:\/\/www.atalaya.eu\/actualidad\/#website","url":"https:\/\/www.atalaya.eu\/actualidad\/","name":"ATALAYA Generaci\u00f3n E\u00f3lica","description":"ATALAYA Generaci\u00f3n E\u00f3lica","potentialAction":[{"@type":"SearchAction","target":{"@type":"EntryPoint","urlTemplate":"https:\/\/www.atalaya.eu\/actualidad\/?s={search_term_string}"},"query-input":"required name=search_term_string"}],"inLanguage":"es"},{"@type":"ImageObject","@id":"https:\/\/www.atalaya.eu\/actualidad\/noticias\/atalaya-generacion-se-suma-como-socio-fundador-al-cluster-de-la-energia-de-aragon\/#primaryimage","inLanguage":"es","url":"https:\/\/www.atalaya.eu\/actualidad\/wp-content\/uploads\/2022\/04\/cluster-EnergiaAragon-Atalaya-Generacion-heraldo.jpg","contentUrl":"https:\/\/www.atalaya.eu\/actualidad\/wp-content\/uploads\/2022\/04\/cluster-EnergiaAragon-Atalaya-Generacion-heraldo.jpg","width":900,"height":600},{"@type":"WebPage","@id":"https:\/\/www.atalaya.eu\/actualidad\/noticias\/atalaya-generacion-se-suma-como-socio-fundador-al-cluster-de-la-energia-de-aragon\/#webpage","url":"https:\/\/www.atalaya.eu\/actualidad\/noticias\/atalaya-generacion-se-suma-como-socio-fundador-al-cluster-de-la-energia-de-aragon\/","name":"ATALAYA GENERACION se suma como socio fundador al Cl\u00faster de la Energ\u00eda de Arag\u00f3n - ATALAYA Generaci\u00f3n E\u00f3lica","isPartOf":{"@id":"https:\/\/www.atalaya.eu\/actualidad\/#website"},"primaryImageOfPage":{"@id":"https:\/\/www.atalaya.eu\/actualidad\/noticias\/atalaya-generacion-se-suma-como-socio-fundador-al-cluster-de-la-energia-de-aragon\/#primaryimage"},"datePublished":"2017-09-11T10:26:00+00:00","dateModified":"2022-04-27T12:26:04+00:00","author":{"@id":"https:\/\/www.atalaya.eu\/actualidad\/#\/schema\/person\/c87c3875b91eae1047695e51cd11baad"},"breadcrumb":{"@id":"https:\/\/www.atalaya.eu\/actualidad\/noticias\/atalaya-generacion-se-suma-como-socio-fundador-al-cluster-de-la-energia-de-aragon\/#breadcrumb"},"inLanguage":"es","potentialAction":[{"@type":"ReadAction","target":["https:\/\/www.atalaya.eu\/actualidad\/noticias\/atalaya-generacion-se-suma-como-socio-fundador-al-cluster-de-la-energia-de-aragon\/"]}]},{"@type":"BreadcrumbList","@id":"https:\/\/www.atalaya.eu\/actualidad\/noticias\/atalaya-generacion-se-suma-como-socio-fundador-al-cluster-de-la-energia-de-aragon\/#breadcrumb","itemListElement":[{"@type":"ListItem","position":1,"name":"Portada","item":"https:\/\/www.atalaya.eu\/actualidad\/"},{"@type":"ListItem","position":2,"name":"ATALAYA GENERACION se suma como socio fundador al Cl\u00faster de la Energ\u00eda de Arag\u00f3n"}]},{"@type":"Person","@id":"https:\/\/www.atalaya.eu\/actualidad\/#\/schema\/person\/c87c3875b91eae1047695e51cd11baad","name":"Atalaya","image":{"@type":"ImageObject","@id":"https:\/\/www.atalaya.eu\/actualidad\/#personlogo","inLanguage":"es","url":"https:\/\/secure.gravatar.com\/avatar\/18613b53f3c2184b9d259778e24af0716c0793eb64bfb578efa5511ec51936ba?s=96&d=mm&r=g","contentUrl":"https:\/\/secure.gravatar.com\/avatar\/18613b53f3c2184b9d259778e24af0716c0793eb64bfb578efa5511ec51936ba?s=96&d=mm&r=g","caption":"Atalaya"},"sameAs":["https:\/\/www.atalaya.eu\/actualidad"],"url":"https:\/\/www.atalaya.eu\/actualidad\/author\/atalaya\/"}]}},"_links":{"self":[{"href":"https:\/\/www.atalaya.eu\/actualidad\/wp-json\/wp\/v2\/posts\/287","targetHints":{"allow":["GET"]}}],"collection":[{"href":"https:\/\/www.atalaya.eu\/actualidad\/wp-json\/wp\/v2\/posts"}],"about":[{"href":"https:\/\/www.atalaya.eu\/actualidad\/wp-json\/wp\/v2\/types\/post"}],"author":[{"embeddable":true,"href":"https:\/\/www.atalaya.eu\/actualidad\/wp-json\/wp\/v2\/users\/1"}],"replies":[{"embeddable":true,"href":"https:\/\/www.atalaya.eu\/actualidad\/wp-json\/wp\/v2\/comments?post=287"}],"version-history":[{"count":1,"href":"https:\/\/www.atalaya.eu\/actualidad\/wp-json\/wp\/v2\/posts\/287\/revisions"}],"predecessor-version":[{"id":290,"href":"https:\/\/www.atalaya.eu\/actualidad\/wp-json\/wp\/v2\/posts\/287\/revisions\/290"}],"wp:featuredmedia":[{"embeddable":true,"href":"https:\/\/www.atalaya.eu\/actualidad\/wp-json\/wp\/v2\/media\/288"}],"wp:attachment":[{"href":"https:\/\/www.atalaya.eu\/actualidad\/wp-json\/wp\/v2\/media?parent=287"}],"wp:term":[{"taxonomy":"category","embeddable":true,"href":"https:\/\/www.atalaya.eu\/actualidad\/wp-json\/wp\/v2\/categories?post=287"},{"taxonomy":"post_tag","embeddable":true,"href":"https:\/\/www.atalaya.eu\/actualidad\/wp-json\/wp\/v2\/tags?post=287"}],"curies":[{"name":"wp","href":"https:\/\/api.w.org\/{rel}","templated":true}]}}