{"id":351,"date":"2022-03-11T13:11:00","date_gmt":"2022-03-11T13:11:00","guid":{"rendered":"https:\/\/www.atalaya.eu\/actualidad\/?p=351"},"modified":"2022-04-25T13:13:49","modified_gmt":"2022-04-25T13:13:49","slug":"atalaya-generacion-plantea-construir-una-central-hidroelectrica-reversible-con-una-potencia-de-606-mw-en-la-provincia-de-burgos","status":"publish","type":"post","link":"https:\/\/www.atalaya.eu\/actualidad\/noticias\/atalaya-generacion-plantea-construir-una-central-hidroelectrica-reversible-con-una-potencia-de-606-mw-en-la-provincia-de-burgos\/","title":{"rendered":"Atalaya Generaci\u00f3n plantea construir una central hidroel\u00e9ctrica reversible con una potencia de 606 MW en la provincia de Burgos"},"content":{"rendered":"\n<figure class=\"wp-block-image size-large is-resized\"><img loading=\"lazy\" decoding=\"async\" src=\"https:\/\/www.atalaya.eu\/actualidad\/wp-content\/uploads\/2022\/04\/Hidroelectrica-reversible-en-Burgos-1005x1024.jpg\" alt=\"Hidroelectrica reversible en Burgos\" class=\"wp-image-352\" width=\"518\" height=\"527\"\/><\/figure>\n\n\n\n<p>Atalaya Generaci\u00f3n ha planteado construir una central hidroel\u00e9ctrica reversible con una potencia total instalada de 606 megavatios, bautizada como El P\u00e1ramo, entre los t\u00e9rminos municipales de O\u00f1a, Salas de Bureba y Poza de la Sal (Burgos).<\/p>\n\n\n\n<p>El proyecto contempla una captaci\u00f3n de agua del r\u00edo Ebro, en un punto localizado en la zona de O\u00f1a. <\/p>\n\n\n\n<p>La inversi\u00f3n rondar\u00e1 los 250 millones de euros y en el caso de que la iniciativa supere los primeros tr\u00e1mites, la central podr\u00eda empezar a funcionar en 2028 o 2029.<\/p>\n\n\n\n<p><a href=\"https:\/\/www.diariodeburgos.es\/noticia\/ZB0D680C4-BFFA-5954-A6EB23FB0E79444A\/202203\/proyectan-una-central-hidroelectrica-entre-ona-salas-y-poza\">Diario de Burgos -Proyectan una central hidroel\u00e9ctrica entre O\u00f1a, Salas y Poza<\/a><\/p>\n","protected":false},"excerpt":{"rendered":"<p>Atalaya Generaci\u00f3n ha planteado construir una central hidroel\u00e9ctrica reversible con una potencia total instalada de 606 megavatios, bautizada como El P\u00e1ramo, entre los t\u00e9rminos municipales de O\u00f1a, Salas de Bureba y Poza de la Sal (Burgos). El proyecto contempla una captaci\u00f3n de agua del r\u00edo Ebro, en un punto localizado en la zona de O\u00f1a. &hellip;<\/p>\n<p class=\"read-more\"> <a class=\"\" href=\"https:\/\/www.atalaya.eu\/actualidad\/noticias\/atalaya-generacion-plantea-construir-una-central-hidroelectrica-reversible-con-una-potencia-de-606-mw-en-la-provincia-de-burgos\/\"> <span class=\"screen-reader-text\">Atalaya Generaci\u00f3n plantea construir una central hidroel\u00e9ctrica reversible con una potencia de 606 MW en la provincia de Burgos<\/span> Leer m\u00e1s &raquo;<\/a><\/p>\n","protected":false},"author":1,"featured_media":352,"comment_status":"closed","ping_status":"open","sticky":false,"template":"","format":"standard","meta":{"inline_featured_image":false,"site-sidebar-layout":"default","site-content-layout":"default","ast-main-header-display":"","ast-hfb-above-header-display":"","ast-hfb-below-header-display":"","ast-hfb-mobile-header-display":"","site-post-title":"","ast-breadcrumbs-content":"","ast-featured-img":"","footer-sml-layout":"","theme-transparent-header-meta":"","adv-header-id-meta":"","stick-header-meta":"","header-above-stick-meta":"","header-main-stick-meta":"","header-below-stick-meta":"","footnotes":""},"categories":[4],"tags":[10,16,17,12],"class_list":["post-351","post","type-post","status-publish","format-standard","has-post-thumbnail","hentry","category-noticias","tag-bombeo-reversible","tag-central-de-bombeo-reversible","tag-central-hidroelectrica","tag-central-hidroelectrica-reversible"],"yoast_head":"<!-- This site is optimized with the Yoast SEO plugin v18.5.1 - https:\/\/yoast.com\/wordpress\/plugins\/seo\/ -->\n<title>Atalaya Generaci\u00f3n plantea construir una central hidroel\u00e9ctrica reversible con una potencia de 606 MW en la provincia de Burgos - ATALAYA Generaci\u00f3n E\u00f3lica<\/title>\n<meta name=\"robots\" content=\"index, follow, max-snippet:-1, max-image-preview:large, max-video-preview:-1\" \/>\n<link rel=\"canonical\" href=\"https:\/\/www.atalaya.eu\/actualidad\/noticias\/atalaya-generacion-plantea-construir-una-central-hidroelectrica-reversible-con-una-potencia-de-606-mw-en-la-provincia-de-burgos\/\" \/>\n<meta property=\"og:locale\" content=\"es_ES\" \/>\n<meta property=\"og:type\" content=\"article\" \/>\n<meta property=\"og:title\" content=\"Atalaya Generaci\u00f3n plantea construir una central hidroel\u00e9ctrica reversible con una potencia de 606 MW en la provincia de Burgos - ATALAYA Generaci\u00f3n E\u00f3lica\" \/>\n<meta property=\"og:description\" content=\"Atalaya Generaci\u00f3n ha planteado construir una central hidroel\u00e9ctrica reversible con una potencia total instalada de 606 megavatios, bautizada como El P\u00e1ramo, entre los t\u00e9rminos municipales de O\u00f1a, Salas de Bureba y Poza de la Sal (Burgos). El proyecto contempla una captaci\u00f3n de agua del r\u00edo Ebro, en un punto localizado en la zona de O\u00f1a. &hellip; Atalaya Generaci\u00f3n plantea construir una central hidroel\u00e9ctrica reversible con una potencia de 606 MW en la provincia de Burgos Leer m\u00e1s &raquo;\" \/>\n<meta property=\"og:url\" content=\"https:\/\/www.atalaya.eu\/actualidad\/noticias\/atalaya-generacion-plantea-construir-una-central-hidroelectrica-reversible-con-una-potencia-de-606-mw-en-la-provincia-de-burgos\/\" \/>\n<meta property=\"og:site_name\" content=\"ATALAYA Generaci\u00f3n E\u00f3lica\" \/>\n<meta property=\"article:published_time\" content=\"2022-03-11T13:11:00+00:00\" \/>\n<meta property=\"article:modified_time\" content=\"2022-04-25T13:13:49+00:00\" \/>\n<meta property=\"og:image\" content=\"https:\/\/www.atalaya.eu\/actualidad\/wp-content\/uploads\/2022\/04\/Hidroelectrica-reversible-en-Burgos.jpg\" \/>\n\t<meta property=\"og:image:width\" content=\"1075\" \/>\n\t<meta property=\"og:image:height\" content=\"1095\" \/>\n\t<meta property=\"og:image:type\" content=\"image\/jpeg\" \/>\n<meta name=\"twitter:card\" content=\"summary_large_image\" \/>\n<meta name=\"twitter:label1\" content=\"Escrito por\" \/>\n\t<meta name=\"twitter:data1\" content=\"Atalaya\" \/>\n\t<meta name=\"twitter:label2\" content=\"Tiempo de lectura\" \/>\n\t<meta name=\"twitter:data2\" content=\"1 minuto\" \/>\n<script type=\"application\/ld+json\" class=\"yoast-schema-graph\">{\"@context\":\"https:\/\/schema.org\",\"@graph\":[{\"@type\":\"WebSite\",\"@id\":\"https:\/\/www.atalaya.eu\/actualidad\/#website\",\"url\":\"https:\/\/www.atalaya.eu\/actualidad\/\",\"name\":\"ATALAYA Generaci\u00f3n E\u00f3lica\",\"description\":\"ATALAYA Generaci\u00f3n E\u00f3lica\",\"potentialAction\":[{\"@type\":\"SearchAction\",\"target\":{\"@type\":\"EntryPoint\",\"urlTemplate\":\"https:\/\/www.atalaya.eu\/actualidad\/?s={search_term_string}\"},\"query-input\":\"required name=search_term_string\"}],\"inLanguage\":\"es\"},{\"@type\":\"ImageObject\",\"@id\":\"https:\/\/www.atalaya.eu\/actualidad\/noticias\/atalaya-generacion-plantea-construir-una-central-hidroelectrica-reversible-con-una-potencia-de-606-mw-en-la-provincia-de-burgos\/#primaryimage\",\"inLanguage\":\"es\",\"url\":\"https:\/\/www.atalaya.eu\/actualidad\/wp-content\/uploads\/2022\/04\/Hidroelectrica-reversible-en-Burgos.jpg\",\"contentUrl\":\"https:\/\/www.atalaya.eu\/actualidad\/wp-content\/uploads\/2022\/04\/Hidroelectrica-reversible-en-Burgos.jpg\",\"width\":1075,\"height\":1095,\"caption\":\"Hidroelectrica reversible en Burgos\"},{\"@type\":\"WebPage\",\"@id\":\"https:\/\/www.atalaya.eu\/actualidad\/noticias\/atalaya-generacion-plantea-construir-una-central-hidroelectrica-reversible-con-una-potencia-de-606-mw-en-la-provincia-de-burgos\/#webpage\",\"url\":\"https:\/\/www.atalaya.eu\/actualidad\/noticias\/atalaya-generacion-plantea-construir-una-central-hidroelectrica-reversible-con-una-potencia-de-606-mw-en-la-provincia-de-burgos\/\",\"name\":\"Atalaya Generaci\u00f3n plantea construir una central hidroel\u00e9ctrica reversible con una potencia de 606 MW en la provincia de Burgos - ATALAYA Generaci\u00f3n E\u00f3lica\",\"isPartOf\":{\"@id\":\"https:\/\/www.atalaya.eu\/actualidad\/#website\"},\"primaryImageOfPage\":{\"@id\":\"https:\/\/www.atalaya.eu\/actualidad\/noticias\/atalaya-generacion-plantea-construir-una-central-hidroelectrica-reversible-con-una-potencia-de-606-mw-en-la-provincia-de-burgos\/#primaryimage\"},\"datePublished\":\"2022-03-11T13:11:00+00:00\",\"dateModified\":\"2022-04-25T13:13:49+00:00\",\"author\":{\"@id\":\"https:\/\/www.atalaya.eu\/actualidad\/#\/schema\/person\/c87c3875b91eae1047695e51cd11baad\"},\"breadcrumb\":{\"@id\":\"https:\/\/www.atalaya.eu\/actualidad\/noticias\/atalaya-generacion-plantea-construir-una-central-hidroelectrica-reversible-con-una-potencia-de-606-mw-en-la-provincia-de-burgos\/#breadcrumb\"},\"inLanguage\":\"es\",\"potentialAction\":[{\"@type\":\"ReadAction\",\"target\":[\"https:\/\/www.atalaya.eu\/actualidad\/noticias\/atalaya-generacion-plantea-construir-una-central-hidroelectrica-reversible-con-una-potencia-de-606-mw-en-la-provincia-de-burgos\/\"]}]},{\"@type\":\"BreadcrumbList\",\"@id\":\"https:\/\/www.atalaya.eu\/actualidad\/noticias\/atalaya-generacion-plantea-construir-una-central-hidroelectrica-reversible-con-una-potencia-de-606-mw-en-la-provincia-de-burgos\/#breadcrumb\",\"itemListElement\":[{\"@type\":\"ListItem\",\"position\":1,\"name\":\"Portada\",\"item\":\"https:\/\/www.atalaya.eu\/actualidad\/\"},{\"@type\":\"ListItem\",\"position\":2,\"name\":\"Atalaya Generaci\u00f3n plantea construir una central hidroel\u00e9ctrica reversible con una potencia de 606 MW en la provincia de Burgos\"}]},{\"@type\":\"Person\",\"@id\":\"https:\/\/www.atalaya.eu\/actualidad\/#\/schema\/person\/c87c3875b91eae1047695e51cd11baad\",\"name\":\"Atalaya\",\"image\":{\"@type\":\"ImageObject\",\"@id\":\"https:\/\/www.atalaya.eu\/actualidad\/#personlogo\",\"inLanguage\":\"es\",\"url\":\"https:\/\/secure.gravatar.com\/avatar\/18613b53f3c2184b9d259778e24af0716c0793eb64bfb578efa5511ec51936ba?s=96&d=mm&r=g\",\"contentUrl\":\"https:\/\/secure.gravatar.com\/avatar\/18613b53f3c2184b9d259778e24af0716c0793eb64bfb578efa5511ec51936ba?s=96&d=mm&r=g\",\"caption\":\"Atalaya\"},\"sameAs\":[\"https:\/\/www.atalaya.eu\/actualidad\"],\"url\":\"https:\/\/www.atalaya.eu\/actualidad\/author\/atalaya\/\"}]}<\/script>\n<!-- \/ Yoast SEO plugin. -->","yoast_head_json":{"title":"Atalaya Generaci\u00f3n plantea construir una central hidroel\u00e9ctrica reversible con una potencia de 606 MW en la provincia de Burgos - ATALAYA Generaci\u00f3n E\u00f3lica","robots":{"index":"index","follow":"follow","max-snippet":"max-snippet:-1","max-image-preview":"max-image-preview:large","max-video-preview":"max-video-preview:-1"},"canonical":"https:\/\/www.atalaya.eu\/actualidad\/noticias\/atalaya-generacion-plantea-construir-una-central-hidroelectrica-reversible-con-una-potencia-de-606-mw-en-la-provincia-de-burgos\/","og_locale":"es_ES","og_type":"article","og_title":"Atalaya Generaci\u00f3n plantea construir una central hidroel\u00e9ctrica reversible con una potencia de 606 MW en la provincia de Burgos - ATALAYA Generaci\u00f3n E\u00f3lica","og_description":"Atalaya Generaci\u00f3n ha planteado construir una central hidroel\u00e9ctrica reversible con una potencia total instalada de 606 megavatios, bautizada como El P\u00e1ramo, entre los t\u00e9rminos municipales de O\u00f1a, Salas de Bureba y Poza de la Sal (Burgos). El proyecto contempla una captaci\u00f3n de agua del r\u00edo Ebro, en un punto localizado en la zona de O\u00f1a. &hellip; Atalaya Generaci\u00f3n plantea construir una central hidroel\u00e9ctrica reversible con una potencia de 606 MW en la provincia de Burgos Leer m\u00e1s &raquo;","og_url":"https:\/\/www.atalaya.eu\/actualidad\/noticias\/atalaya-generacion-plantea-construir-una-central-hidroelectrica-reversible-con-una-potencia-de-606-mw-en-la-provincia-de-burgos\/","og_site_name":"ATALAYA Generaci\u00f3n E\u00f3lica","article_published_time":"2022-03-11T13:11:00+00:00","article_modified_time":"2022-04-25T13:13:49+00:00","og_image":[{"width":1075,"height":1095,"url":"https:\/\/www.atalaya.eu\/actualidad\/wp-content\/uploads\/2022\/04\/Hidroelectrica-reversible-en-Burgos.jpg","type":"image\/jpeg"}],"twitter_card":"summary_large_image","twitter_misc":{"Escrito por":"Atalaya","Tiempo de lectura":"1 minuto"},"schema":{"@context":"https:\/\/schema.org","@graph":[{"@type":"WebSite","@id":"https:\/\/www.atalaya.eu\/actualidad\/#website","url":"https:\/\/www.atalaya.eu\/actualidad\/","name":"ATALAYA Generaci\u00f3n E\u00f3lica","description":"ATALAYA Generaci\u00f3n E\u00f3lica","potentialAction":[{"@type":"SearchAction","target":{"@type":"EntryPoint","urlTemplate":"https:\/\/www.atalaya.eu\/actualidad\/?s={search_term_string}"},"query-input":"required name=search_term_string"}],"inLanguage":"es"},{"@type":"ImageObject","@id":"https:\/\/www.atalaya.eu\/actualidad\/noticias\/atalaya-generacion-plantea-construir-una-central-hidroelectrica-reversible-con-una-potencia-de-606-mw-en-la-provincia-de-burgos\/#primaryimage","inLanguage":"es","url":"https:\/\/www.atalaya.eu\/actualidad\/wp-content\/uploads\/2022\/04\/Hidroelectrica-reversible-en-Burgos.jpg","contentUrl":"https:\/\/www.atalaya.eu\/actualidad\/wp-content\/uploads\/2022\/04\/Hidroelectrica-reversible-en-Burgos.jpg","width":1075,"height":1095,"caption":"Hidroelectrica reversible en Burgos"},{"@type":"WebPage","@id":"https:\/\/www.atalaya.eu\/actualidad\/noticias\/atalaya-generacion-plantea-construir-una-central-hidroelectrica-reversible-con-una-potencia-de-606-mw-en-la-provincia-de-burgos\/#webpage","url":"https:\/\/www.atalaya.eu\/actualidad\/noticias\/atalaya-generacion-plantea-construir-una-central-hidroelectrica-reversible-con-una-potencia-de-606-mw-en-la-provincia-de-burgos\/","name":"Atalaya Generaci\u00f3n plantea construir una central hidroel\u00e9ctrica reversible con una potencia de 606 MW en la provincia de Burgos - ATALAYA Generaci\u00f3n E\u00f3lica","isPartOf":{"@id":"https:\/\/www.atalaya.eu\/actualidad\/#website"},"primaryImageOfPage":{"@id":"https:\/\/www.atalaya.eu\/actualidad\/noticias\/atalaya-generacion-plantea-construir-una-central-hidroelectrica-reversible-con-una-potencia-de-606-mw-en-la-provincia-de-burgos\/#primaryimage"},"datePublished":"2022-03-11T13:11:00+00:00","dateModified":"2022-04-25T13:13:49+00:00","author":{"@id":"https:\/\/www.atalaya.eu\/actualidad\/#\/schema\/person\/c87c3875b91eae1047695e51cd11baad"},"breadcrumb":{"@id":"https:\/\/www.atalaya.eu\/actualidad\/noticias\/atalaya-generacion-plantea-construir-una-central-hidroelectrica-reversible-con-una-potencia-de-606-mw-en-la-provincia-de-burgos\/#breadcrumb"},"inLanguage":"es","potentialAction":[{"@type":"ReadAction","target":["https:\/\/www.atalaya.eu\/actualidad\/noticias\/atalaya-generacion-plantea-construir-una-central-hidroelectrica-reversible-con-una-potencia-de-606-mw-en-la-provincia-de-burgos\/"]}]},{"@type":"BreadcrumbList","@id":"https:\/\/www.atalaya.eu\/actualidad\/noticias\/atalaya-generacion-plantea-construir-una-central-hidroelectrica-reversible-con-una-potencia-de-606-mw-en-la-provincia-de-burgos\/#breadcrumb","itemListElement":[{"@type":"ListItem","position":1,"name":"Portada","item":"https:\/\/www.atalaya.eu\/actualidad\/"},{"@type":"ListItem","position":2,"name":"Atalaya Generaci\u00f3n plantea construir una central hidroel\u00e9ctrica reversible con una potencia de 606 MW en la provincia de Burgos"}]},{"@type":"Person","@id":"https:\/\/www.atalaya.eu\/actualidad\/#\/schema\/person\/c87c3875b91eae1047695e51cd11baad","name":"Atalaya","image":{"@type":"ImageObject","@id":"https:\/\/www.atalaya.eu\/actualidad\/#personlogo","inLanguage":"es","url":"https:\/\/secure.gravatar.com\/avatar\/18613b53f3c2184b9d259778e24af0716c0793eb64bfb578efa5511ec51936ba?s=96&d=mm&r=g","contentUrl":"https:\/\/secure.gravatar.com\/avatar\/18613b53f3c2184b9d259778e24af0716c0793eb64bfb578efa5511ec51936ba?s=96&d=mm&r=g","caption":"Atalaya"},"sameAs":["https:\/\/www.atalaya.eu\/actualidad"],"url":"https:\/\/www.atalaya.eu\/actualidad\/author\/atalaya\/"}]}},"_links":{"self":[{"href":"https:\/\/www.atalaya.eu\/actualidad\/wp-json\/wp\/v2\/posts\/351","targetHints":{"allow":["GET"]}}],"collection":[{"href":"https:\/\/www.atalaya.eu\/actualidad\/wp-json\/wp\/v2\/posts"}],"about":[{"href":"https:\/\/www.atalaya.eu\/actualidad\/wp-json\/wp\/v2\/types\/post"}],"author":[{"embeddable":true,"href":"https:\/\/www.atalaya.eu\/actualidad\/wp-json\/wp\/v2\/users\/1"}],"replies":[{"embeddable":true,"href":"https:\/\/www.atalaya.eu\/actualidad\/wp-json\/wp\/v2\/comments?post=351"}],"version-history":[{"count":2,"href":"https:\/\/www.atalaya.eu\/actualidad\/wp-json\/wp\/v2\/posts\/351\/revisions"}],"predecessor-version":[{"id":354,"href":"https:\/\/www.atalaya.eu\/actualidad\/wp-json\/wp\/v2\/posts\/351\/revisions\/354"}],"wp:featuredmedia":[{"embeddable":true,"href":"https:\/\/www.atalaya.eu\/actualidad\/wp-json\/wp\/v2\/media\/352"}],"wp:attachment":[{"href":"https:\/\/www.atalaya.eu\/actualidad\/wp-json\/wp\/v2\/media?parent=351"}],"wp:term":[{"taxonomy":"category","embeddable":true,"href":"https:\/\/www.atalaya.eu\/actualidad\/wp-json\/wp\/v2\/categories?post=351"},{"taxonomy":"post_tag","embeddable":true,"href":"https:\/\/www.atalaya.eu\/actualidad\/wp-json\/wp\/v2\/tags?post=351"}],"curies":[{"name":"wp","href":"https:\/\/api.w.org\/{rel}","templated":true}]}}