{"id":760,"date":"2022-05-24T09:05:15","date_gmt":"2022-05-24T09:05:15","guid":{"rendered":"https:\/\/www.atalaya.eu\/actualidad\/?p=760"},"modified":"2022-05-24T09:05:21","modified_gmt":"2022-05-24T09:05:21","slug":"el-bombeo-reversible-como-opcion-segura-para-la-transicion-verde","status":"publish","type":"post","link":"https:\/\/www.atalaya.eu\/actualidad\/noticias\/el-bombeo-reversible-como-opcion-segura-para-la-transicion-verde\/","title":{"rendered":"El bombeo reversible como opci\u00f3n segura para la transici\u00f3n verde"},"content":{"rendered":"\n<figure class=\"wp-block-image size-large\"><img loading=\"lazy\" decoding=\"async\" width=\"1024\" height=\"678\" src=\"https:\/\/www.atalaya.eu\/actualidad\/wp-content\/uploads\/2022\/05\/bombeo-reversible-Atalaya-1-1024x678.jpg\" alt=\"bombeo reversible Atalaya\" class=\"wp-image-763\"\/><\/figure>\n\n\n\n<p>El diario Cinco D\u00edas ha publicado un art\u00edculo firmado por Pedro Mach\u00edn, director ejecutivo y cofundador de Atalaya Generaci\u00f3n. En \u00e9l, se explica mediante un sencillo dec\u00e1logo, por qu\u00e9 el bombeo reversible se est\u00e1 convirtiendo en imprescindible para avanzar en la transici\u00f3n energ\u00e9tica. <\/p>\n\n\n\n<p>Mach\u00edn destaca que \u00ablos bombeos reversibles pueden considerarse una pila o bater\u00eda de grandes dimensiones, capaz de producir y almacenar energ\u00eda limpia para cuando se necesite y, adem\u00e1s, de forma econ\u00f3mica\u00bb. <\/p>\n\n\n\n<p>Puedes leer el art\u00edculo completo:<\/p>\n\n\n\n<div class=\"wp-block-buttons is-layout-flex wp-block-buttons-is-layout-flex\">\n<div class=\"wp-block-button\"><a class=\"wp-block-button__link\" href=\"https:\/\/cincodias.elpais.com\/cincodias\/2022\/05\/20\/opinion\/1653060758_955356.html\">Cinco D\u00edas-El bombeo reversible como opci\u00f3n segura para la transici\u00f3n verde<\/a><\/div>\n<\/div>\n\n\n\n<p><\/p>\n","protected":false},"excerpt":{"rendered":"<p>El diario Cinco D\u00edas ha publicado un art\u00edculo firmado por Pedro Mach\u00edn, director ejecutivo y cofundador de Atalaya Generaci\u00f3n. En \u00e9l, se explica mediante un sencillo dec\u00e1logo, por qu\u00e9 el bombeo reversible se est\u00e1 convirtiendo en imprescindible para avanzar en la transici\u00f3n energ\u00e9tica. Mach\u00edn destaca que \u00ablos bombeos reversibles pueden considerarse una pila o bater\u00eda &hellip;<\/p>\n<p class=\"read-more\"> <a class=\"\" href=\"https:\/\/www.atalaya.eu\/actualidad\/noticias\/el-bombeo-reversible-como-opcion-segura-para-la-transicion-verde\/\"> <span class=\"screen-reader-text\">El bombeo reversible como opci\u00f3n segura para la transici\u00f3n verde<\/span> Leer m\u00e1s &raquo;<\/a><\/p>\n","protected":false},"author":1,"featured_media":763,"comment_status":"closed","ping_status":"open","sticky":false,"template":"","format":"standard","meta":{"inline_featured_image":false,"site-sidebar-layout":"default","site-content-layout":"default","ast-main-header-display":"","ast-hfb-above-header-display":"","ast-hfb-below-header-display":"","ast-hfb-mobile-header-display":"","site-post-title":"","ast-breadcrumbs-content":"","ast-featured-img":"","footer-sml-layout":"","theme-transparent-header-meta":"","adv-header-id-meta":"","stick-header-meta":"","header-above-stick-meta":"","header-main-stick-meta":"","header-below-stick-meta":"","footnotes":""},"categories":[4],"tags":[],"class_list":["post-760","post","type-post","status-publish","format-standard","has-post-thumbnail","hentry","category-noticias"],"yoast_head":"<!-- This site is optimized with the Yoast SEO plugin v18.5.1 - https:\/\/yoast.com\/wordpress\/plugins\/seo\/ -->\n<title>El bombeo reversible como opci\u00f3n segura para la transici\u00f3n verde - ATALAYA Generaci\u00f3n E\u00f3lica<\/title>\n<meta name=\"robots\" content=\"index, follow, max-snippet:-1, max-image-preview:large, max-video-preview:-1\" \/>\n<link rel=\"canonical\" href=\"https:\/\/www.atalaya.eu\/actualidad\/noticias\/el-bombeo-reversible-como-opcion-segura-para-la-transicion-verde\/\" \/>\n<meta property=\"og:locale\" content=\"es_ES\" \/>\n<meta property=\"og:type\" content=\"article\" \/>\n<meta property=\"og:title\" content=\"El bombeo reversible como opci\u00f3n segura para la transici\u00f3n verde - ATALAYA Generaci\u00f3n E\u00f3lica\" \/>\n<meta property=\"og:description\" content=\"El diario Cinco D\u00edas ha publicado un art\u00edculo firmado por Pedro Mach\u00edn, director ejecutivo y cofundador de Atalaya Generaci\u00f3n. En \u00e9l, se explica mediante un sencillo dec\u00e1logo, por qu\u00e9 el bombeo reversible se est\u00e1 convirtiendo en imprescindible para avanzar en la transici\u00f3n energ\u00e9tica. Mach\u00edn destaca que \u00ablos bombeos reversibles pueden considerarse una pila o bater\u00eda &hellip; El bombeo reversible como opci\u00f3n segura para la transici\u00f3n verde Leer m\u00e1s &raquo;\" \/>\n<meta property=\"og:url\" content=\"https:\/\/www.atalaya.eu\/actualidad\/noticias\/el-bombeo-reversible-como-opcion-segura-para-la-transicion-verde\/\" \/>\n<meta property=\"og:site_name\" content=\"ATALAYA Generaci\u00f3n E\u00f3lica\" \/>\n<meta property=\"article:published_time\" content=\"2022-05-24T09:05:15+00:00\" \/>\n<meta property=\"article:modified_time\" content=\"2022-05-24T09:05:21+00:00\" \/>\n<meta property=\"og:image\" content=\"https:\/\/www.atalaya.eu\/actualidad\/wp-content\/uploads\/2022\/05\/bombeo-reversible-Atalaya-1.jpg\" \/>\n\t<meta property=\"og:image:width\" content=\"1972\" \/>\n\t<meta property=\"og:image:height\" content=\"1306\" \/>\n\t<meta property=\"og:image:type\" content=\"image\/jpeg\" \/>\n<meta name=\"twitter:card\" content=\"summary_large_image\" \/>\n<meta name=\"twitter:label1\" content=\"Escrito por\" \/>\n\t<meta name=\"twitter:data1\" content=\"Atalaya\" \/>\n\t<meta name=\"twitter:label2\" content=\"Tiempo de lectura\" \/>\n\t<meta name=\"twitter:data2\" content=\"1 minuto\" \/>\n<script type=\"application\/ld+json\" class=\"yoast-schema-graph\">{\"@context\":\"https:\/\/schema.org\",\"@graph\":[{\"@type\":\"WebSite\",\"@id\":\"https:\/\/www.atalaya.eu\/actualidad\/#website\",\"url\":\"https:\/\/www.atalaya.eu\/actualidad\/\",\"name\":\"ATALAYA Generaci\u00f3n E\u00f3lica\",\"description\":\"ATALAYA Generaci\u00f3n E\u00f3lica\",\"potentialAction\":[{\"@type\":\"SearchAction\",\"target\":{\"@type\":\"EntryPoint\",\"urlTemplate\":\"https:\/\/www.atalaya.eu\/actualidad\/?s={search_term_string}\"},\"query-input\":\"required name=search_term_string\"}],\"inLanguage\":\"es\"},{\"@type\":\"ImageObject\",\"@id\":\"https:\/\/www.atalaya.eu\/actualidad\/noticias\/el-bombeo-reversible-como-opcion-segura-para-la-transicion-verde\/#primaryimage\",\"inLanguage\":\"es\",\"url\":\"https:\/\/www.atalaya.eu\/actualidad\/wp-content\/uploads\/2022\/05\/bombeo-reversible-Atalaya-1.jpg\",\"contentUrl\":\"https:\/\/www.atalaya.eu\/actualidad\/wp-content\/uploads\/2022\/05\/bombeo-reversible-Atalaya-1.jpg\",\"width\":1972,\"height\":1306,\"caption\":\"bombeo reversible Atalaya\"},{\"@type\":\"WebPage\",\"@id\":\"https:\/\/www.atalaya.eu\/actualidad\/noticias\/el-bombeo-reversible-como-opcion-segura-para-la-transicion-verde\/#webpage\",\"url\":\"https:\/\/www.atalaya.eu\/actualidad\/noticias\/el-bombeo-reversible-como-opcion-segura-para-la-transicion-verde\/\",\"name\":\"El bombeo reversible como opci\u00f3n segura para la transici\u00f3n verde - ATALAYA Generaci\u00f3n E\u00f3lica\",\"isPartOf\":{\"@id\":\"https:\/\/www.atalaya.eu\/actualidad\/#website\"},\"primaryImageOfPage\":{\"@id\":\"https:\/\/www.atalaya.eu\/actualidad\/noticias\/el-bombeo-reversible-como-opcion-segura-para-la-transicion-verde\/#primaryimage\"},\"datePublished\":\"2022-05-24T09:05:15+00:00\",\"dateModified\":\"2022-05-24T09:05:21+00:00\",\"author\":{\"@id\":\"https:\/\/www.atalaya.eu\/actualidad\/#\/schema\/person\/c87c3875b91eae1047695e51cd11baad\"},\"breadcrumb\":{\"@id\":\"https:\/\/www.atalaya.eu\/actualidad\/noticias\/el-bombeo-reversible-como-opcion-segura-para-la-transicion-verde\/#breadcrumb\"},\"inLanguage\":\"es\",\"potentialAction\":[{\"@type\":\"ReadAction\",\"target\":[\"https:\/\/www.atalaya.eu\/actualidad\/noticias\/el-bombeo-reversible-como-opcion-segura-para-la-transicion-verde\/\"]}]},{\"@type\":\"BreadcrumbList\",\"@id\":\"https:\/\/www.atalaya.eu\/actualidad\/noticias\/el-bombeo-reversible-como-opcion-segura-para-la-transicion-verde\/#breadcrumb\",\"itemListElement\":[{\"@type\":\"ListItem\",\"position\":1,\"name\":\"Portada\",\"item\":\"https:\/\/www.atalaya.eu\/actualidad\/\"},{\"@type\":\"ListItem\",\"position\":2,\"name\":\"El bombeo reversible como opci\u00f3n segura para la transici\u00f3n verde\"}]},{\"@type\":\"Person\",\"@id\":\"https:\/\/www.atalaya.eu\/actualidad\/#\/schema\/person\/c87c3875b91eae1047695e51cd11baad\",\"name\":\"Atalaya\",\"image\":{\"@type\":\"ImageObject\",\"@id\":\"https:\/\/www.atalaya.eu\/actualidad\/#personlogo\",\"inLanguage\":\"es\",\"url\":\"https:\/\/secure.gravatar.com\/avatar\/18613b53f3c2184b9d259778e24af0716c0793eb64bfb578efa5511ec51936ba?s=96&d=mm&r=g\",\"contentUrl\":\"https:\/\/secure.gravatar.com\/avatar\/18613b53f3c2184b9d259778e24af0716c0793eb64bfb578efa5511ec51936ba?s=96&d=mm&r=g\",\"caption\":\"Atalaya\"},\"sameAs\":[\"https:\/\/www.atalaya.eu\/actualidad\"],\"url\":\"https:\/\/www.atalaya.eu\/actualidad\/author\/atalaya\/\"}]}<\/script>\n<!-- \/ Yoast SEO plugin. -->","yoast_head_json":{"title":"El bombeo reversible como opci\u00f3n segura para la transici\u00f3n verde - ATALAYA Generaci\u00f3n E\u00f3lica","robots":{"index":"index","follow":"follow","max-snippet":"max-snippet:-1","max-image-preview":"max-image-preview:large","max-video-preview":"max-video-preview:-1"},"canonical":"https:\/\/www.atalaya.eu\/actualidad\/noticias\/el-bombeo-reversible-como-opcion-segura-para-la-transicion-verde\/","og_locale":"es_ES","og_type":"article","og_title":"El bombeo reversible como opci\u00f3n segura para la transici\u00f3n verde - ATALAYA Generaci\u00f3n E\u00f3lica","og_description":"El diario Cinco D\u00edas ha publicado un art\u00edculo firmado por Pedro Mach\u00edn, director ejecutivo y cofundador de Atalaya Generaci\u00f3n. En \u00e9l, se explica mediante un sencillo dec\u00e1logo, por qu\u00e9 el bombeo reversible se est\u00e1 convirtiendo en imprescindible para avanzar en la transici\u00f3n energ\u00e9tica. Mach\u00edn destaca que \u00ablos bombeos reversibles pueden considerarse una pila o bater\u00eda &hellip; El bombeo reversible como opci\u00f3n segura para la transici\u00f3n verde Leer m\u00e1s &raquo;","og_url":"https:\/\/www.atalaya.eu\/actualidad\/noticias\/el-bombeo-reversible-como-opcion-segura-para-la-transicion-verde\/","og_site_name":"ATALAYA Generaci\u00f3n E\u00f3lica","article_published_time":"2022-05-24T09:05:15+00:00","article_modified_time":"2022-05-24T09:05:21+00:00","og_image":[{"width":1972,"height":1306,"url":"https:\/\/www.atalaya.eu\/actualidad\/wp-content\/uploads\/2022\/05\/bombeo-reversible-Atalaya-1.jpg","type":"image\/jpeg"}],"twitter_card":"summary_large_image","twitter_misc":{"Escrito por":"Atalaya","Tiempo de lectura":"1 minuto"},"schema":{"@context":"https:\/\/schema.org","@graph":[{"@type":"WebSite","@id":"https:\/\/www.atalaya.eu\/actualidad\/#website","url":"https:\/\/www.atalaya.eu\/actualidad\/","name":"ATALAYA Generaci\u00f3n E\u00f3lica","description":"ATALAYA Generaci\u00f3n E\u00f3lica","potentialAction":[{"@type":"SearchAction","target":{"@type":"EntryPoint","urlTemplate":"https:\/\/www.atalaya.eu\/actualidad\/?s={search_term_string}"},"query-input":"required name=search_term_string"}],"inLanguage":"es"},{"@type":"ImageObject","@id":"https:\/\/www.atalaya.eu\/actualidad\/noticias\/el-bombeo-reversible-como-opcion-segura-para-la-transicion-verde\/#primaryimage","inLanguage":"es","url":"https:\/\/www.atalaya.eu\/actualidad\/wp-content\/uploads\/2022\/05\/bombeo-reversible-Atalaya-1.jpg","contentUrl":"https:\/\/www.atalaya.eu\/actualidad\/wp-content\/uploads\/2022\/05\/bombeo-reversible-Atalaya-1.jpg","width":1972,"height":1306,"caption":"bombeo reversible Atalaya"},{"@type":"WebPage","@id":"https:\/\/www.atalaya.eu\/actualidad\/noticias\/el-bombeo-reversible-como-opcion-segura-para-la-transicion-verde\/#webpage","url":"https:\/\/www.atalaya.eu\/actualidad\/noticias\/el-bombeo-reversible-como-opcion-segura-para-la-transicion-verde\/","name":"El bombeo reversible como opci\u00f3n segura para la transici\u00f3n verde - ATALAYA Generaci\u00f3n E\u00f3lica","isPartOf":{"@id":"https:\/\/www.atalaya.eu\/actualidad\/#website"},"primaryImageOfPage":{"@id":"https:\/\/www.atalaya.eu\/actualidad\/noticias\/el-bombeo-reversible-como-opcion-segura-para-la-transicion-verde\/#primaryimage"},"datePublished":"2022-05-24T09:05:15+00:00","dateModified":"2022-05-24T09:05:21+00:00","author":{"@id":"https:\/\/www.atalaya.eu\/actualidad\/#\/schema\/person\/c87c3875b91eae1047695e51cd11baad"},"breadcrumb":{"@id":"https:\/\/www.atalaya.eu\/actualidad\/noticias\/el-bombeo-reversible-como-opcion-segura-para-la-transicion-verde\/#breadcrumb"},"inLanguage":"es","potentialAction":[{"@type":"ReadAction","target":["https:\/\/www.atalaya.eu\/actualidad\/noticias\/el-bombeo-reversible-como-opcion-segura-para-la-transicion-verde\/"]}]},{"@type":"BreadcrumbList","@id":"https:\/\/www.atalaya.eu\/actualidad\/noticias\/el-bombeo-reversible-como-opcion-segura-para-la-transicion-verde\/#breadcrumb","itemListElement":[{"@type":"ListItem","position":1,"name":"Portada","item":"https:\/\/www.atalaya.eu\/actualidad\/"},{"@type":"ListItem","position":2,"name":"El bombeo reversible como opci\u00f3n segura para la transici\u00f3n verde"}]},{"@type":"Person","@id":"https:\/\/www.atalaya.eu\/actualidad\/#\/schema\/person\/c87c3875b91eae1047695e51cd11baad","name":"Atalaya","image":{"@type":"ImageObject","@id":"https:\/\/www.atalaya.eu\/actualidad\/#personlogo","inLanguage":"es","url":"https:\/\/secure.gravatar.com\/avatar\/18613b53f3c2184b9d259778e24af0716c0793eb64bfb578efa5511ec51936ba?s=96&d=mm&r=g","contentUrl":"https:\/\/secure.gravatar.com\/avatar\/18613b53f3c2184b9d259778e24af0716c0793eb64bfb578efa5511ec51936ba?s=96&d=mm&r=g","caption":"Atalaya"},"sameAs":["https:\/\/www.atalaya.eu\/actualidad"],"url":"https:\/\/www.atalaya.eu\/actualidad\/author\/atalaya\/"}]}},"_links":{"self":[{"href":"https:\/\/www.atalaya.eu\/actualidad\/wp-json\/wp\/v2\/posts\/760","targetHints":{"allow":["GET"]}}],"collection":[{"href":"https:\/\/www.atalaya.eu\/actualidad\/wp-json\/wp\/v2\/posts"}],"about":[{"href":"https:\/\/www.atalaya.eu\/actualidad\/wp-json\/wp\/v2\/types\/post"}],"author":[{"embeddable":true,"href":"https:\/\/www.atalaya.eu\/actualidad\/wp-json\/wp\/v2\/users\/1"}],"replies":[{"embeddable":true,"href":"https:\/\/www.atalaya.eu\/actualidad\/wp-json\/wp\/v2\/comments?post=760"}],"version-history":[{"count":3,"href":"https:\/\/www.atalaya.eu\/actualidad\/wp-json\/wp\/v2\/posts\/760\/revisions"}],"predecessor-version":[{"id":765,"href":"https:\/\/www.atalaya.eu\/actualidad\/wp-json\/wp\/v2\/posts\/760\/revisions\/765"}],"wp:featuredmedia":[{"embeddable":true,"href":"https:\/\/www.atalaya.eu\/actualidad\/wp-json\/wp\/v2\/media\/763"}],"wp:attachment":[{"href":"https:\/\/www.atalaya.eu\/actualidad\/wp-json\/wp\/v2\/media?parent=760"}],"wp:term":[{"taxonomy":"category","embeddable":true,"href":"https:\/\/www.atalaya.eu\/actualidad\/wp-json\/wp\/v2\/categories?post=760"},{"taxonomy":"post_tag","embeddable":true,"href":"https:\/\/www.atalaya.eu\/actualidad\/wp-json\/wp\/v2\/tags?post=760"}],"curies":[{"name":"wp","href":"https:\/\/api.w.org\/{rel}","templated":true}]}}