{"id":766,"date":"2022-05-24T09:27:21","date_gmt":"2022-05-24T09:27:21","guid":{"rendered":"https:\/\/www.atalaya.eu\/actualidad\/?p=766"},"modified":"2022-05-24T09:34:05","modified_gmt":"2022-05-24T09:34:05","slug":"las-comunidades-energeticas-y-el-autoconsumo-colectivo","status":"publish","type":"post","link":"https:\/\/www.atalaya.eu\/actualidad\/blog\/las-comunidades-energeticas-y-el-autoconsumo-colectivo\/","title":{"rendered":"Las Comunidades Energ\u00e9ticas y el autoconsumo colectivo"},"content":{"rendered":"\n<p>El autoconsumo industrial resulta imparable en este momento de transici\u00f3n energ\u00e9tica y ser\u00e1 una de las variables seguras del futuro inmediato, seg\u00fan todos los expertos. Y las denominadas Comunidades Energ\u00e9ticas ser\u00e1n un elemento clave en el camino hacia ese cambio de paradigma energ\u00e9tico.<\/p>\n\n\n\n<p>Estas Comunidades Energ\u00e9ticas constituyen una nueva figura jur\u00eddica que empieza a implantarse y que cuando est\u00e9 plenamente vigente contribuir\u00e1 por medio del autoconsumo industrial colectivo al desarrollo de las energ\u00edas renovables en los numerosos pol\u00edgonos industriales de Espa\u00f1a.<\/p>\n\n\n\n<figure class=\"wp-block-image size-large\"><img loading=\"lazy\" decoding=\"async\" width=\"1024\" height=\"555\" src=\"https:\/\/www.atalaya.eu\/actualidad\/wp-content\/uploads\/2022\/05\/comunidades-energeticas-1024x555.jpg\" alt=\"comunidades energ\u00e9ticas\" class=\"wp-image-768\"\/><\/figure>\n\n\n\n<h2 class=\"wp-block-heading\">Marco normativo apropiado<\/h2>\n\n\n\n<p>El Plan Nacional Integrado de Energ\u00eda y Clima 2021-2030 (PNIEC) explica las l\u00edneas de actuaci\u00f3n para desarrollar un marco normativo apropiado que pueda definir a estas entidades jur\u00eddicas y favorecer su crecimiento futuro.<\/p>\n\n\n\n<p>De hecho, el Ministerio para la Transici\u00f3n Ecol\u00f3gica y el Reto Demogr\u00e1fico realiz\u00f3 una consulta p\u00fablica previa en diciembre de 2020. El objetivo era recoger la opini\u00f3n sobre el planteamiento para la transposici\u00f3n de las directrices europeas con contenidos relacionados con Comunidades Energ\u00e9ticas Locales al ordenamiento jur\u00eddico espa\u00f1ol.<\/p>\n\n\n\n<p>Y el Real Decreto Ley 23\/2020 dice que las Comunidades de Energ\u00edas Renovables son entidades jur\u00eddicas basadas en la participaci\u00f3n abierta y voluntaria, aut\u00f3nomas y efectivamente controladas por socios o miembros que est\u00e1n situados en las proximidades de los proyectos de energ\u00edas renovables que sean propiedad de dichas entidades jur\u00eddicas y que estas hayan desarrollado, cuyos socios o miembros sean personas f\u00edsicas, pymes o autoridades locales, incluidos los municipios y cuya finalidad primordial sea proporcionar beneficios medioambientales, econ\u00f3micos o sociales a sus socios o miembros o a las zonas locales donde operan, en lugar de ganancias financieras.<\/p>\n\n\n\n<figure class=\"wp-block-image size-large\"><img loading=\"lazy\" decoding=\"async\" width=\"1024\" height=\"422\" src=\"https:\/\/www.atalaya.eu\/actualidad\/wp-content\/uploads\/2022\/05\/Comunidad-energetica-Luco-de-Jiloca-1024x422.jpg\" alt=\"comunidades energ\u00e9ticas\" class=\"wp-image-767\"\/><figcaption>Comunidad energ\u00e9tica Luco de Jiloca (Teruel)<\/figcaption><\/figure>\n\n\n\n<h2 class=\"wp-block-heading\">C\u00e1tedra Atalaya de Comunidades Energ\u00e9ticas<\/h2>\n\n\n\n<p>Estas Comunidades Energ\u00e9ticas para la generaci\u00f3n, suministro, consumo y reparto y distribuci\u00f3n de energ\u00eda proveniente de e\u00f3lica, solar, bombeo reversible, biomasa, etc., ser\u00e1n en el futuro un elemento clave en el camino de la transici\u00f3n energ\u00e9tica.<\/p>\n\n\n\n<p>Y ATALAYA ya est\u00e1 contribuyendo en todo esto no s\u00f3lo con sus proyectos renovables, sino tambi\u00e9n a trav\u00e9s de la<a href=\"https:\/\/www.atalaya.eu\/actualidad\/notas-de-prensa\/la-universidad-de-zaragoza-otorga-a-atalaya-generacion-un-diploma-por-su-colaboracion-en-la-catedra-de-comunidades-energeticas\/\"> C\u00e1tedra Atalaya de Comunidades Energ\u00e9ticas de la Universidad de Zaragoza<\/a> que dirige el profesor Jos\u00e9 Mar\u00eda Yusta Loyo.<\/p>\n","protected":false},"excerpt":{"rendered":"<p>El autoconsumo industrial resulta imparable en este momento de transici\u00f3n energ\u00e9tica y ser\u00e1 una de las variables seguras del futuro inmediato, seg\u00fan todos los expertos. Y las denominadas Comunidades Energ\u00e9ticas ser\u00e1n un elemento clave en el camino hacia ese cambio de paradigma energ\u00e9tico. Estas Comunidades Energ\u00e9ticas constituyen una nueva figura jur\u00eddica que empieza a implantarse &hellip;<\/p>\n<p class=\"read-more\"> <a class=\"\" href=\"https:\/\/www.atalaya.eu\/actualidad\/blog\/las-comunidades-energeticas-y-el-autoconsumo-colectivo\/\"> <span class=\"screen-reader-text\">Las Comunidades Energ\u00e9ticas y el autoconsumo colectivo<\/span> Leer m\u00e1s &raquo;<\/a><\/p>\n","protected":false},"author":1,"featured_media":767,"comment_status":"closed","ping_status":"open","sticky":false,"template":"","format":"standard","meta":{"inline_featured_image":false,"site-sidebar-layout":"default","site-content-layout":"default","ast-main-header-display":"","ast-hfb-above-header-display":"","ast-hfb-below-header-display":"","ast-hfb-mobile-header-display":"","site-post-title":"","ast-breadcrumbs-content":"","ast-featured-img":"","footer-sml-layout":"","theme-transparent-header-meta":"","adv-header-id-meta":"","stick-header-meta":"","header-above-stick-meta":"","header-main-stick-meta":"","header-below-stick-meta":"","footnotes":""},"categories":[5],"tags":[24,22,23],"class_list":["post-766","post","type-post","status-publish","format-standard","has-post-thumbnail","hentry","category-blog","tag-autoconsumo-colectivo-de-energia","tag-comunidades-energeticas","tag-energia-verde"],"yoast_head":"<!-- This site is optimized with the Yoast SEO plugin v18.5.1 - https:\/\/yoast.com\/wordpress\/plugins\/seo\/ -->\n<title>Las Comunidades Energ\u00e9ticas y el autoconsumo colectivo - ATALAYA Generaci\u00f3n E\u00f3lica<\/title>\n<meta name=\"description\" content=\"Las Comunidades Energ\u00e9ticas contribuir\u00e1n, por medio del autoconsumo colectivo, al desarrollo de las energ\u00edas renovables en pol\u00edgonos industriales.\" \/>\n<meta name=\"robots\" content=\"index, follow, max-snippet:-1, max-image-preview:large, max-video-preview:-1\" \/>\n<link rel=\"canonical\" href=\"https:\/\/www.atalaya.eu\/actualidad\/blog\/las-comunidades-energeticas-y-el-autoconsumo-colectivo\/\" \/>\n<meta property=\"og:locale\" content=\"es_ES\" \/>\n<meta property=\"og:type\" content=\"article\" \/>\n<meta property=\"og:title\" content=\"Las Comunidades Energ\u00e9ticas y el autoconsumo colectivo - ATALAYA Generaci\u00f3n E\u00f3lica\" \/>\n<meta property=\"og:description\" content=\"Las Comunidades Energ\u00e9ticas contribuir\u00e1n, por medio del autoconsumo colectivo, al desarrollo de las energ\u00edas renovables en pol\u00edgonos industriales.\" \/>\n<meta property=\"og:url\" content=\"https:\/\/www.atalaya.eu\/actualidad\/blog\/las-comunidades-energeticas-y-el-autoconsumo-colectivo\/\" \/>\n<meta property=\"og:site_name\" content=\"ATALAYA Generaci\u00f3n E\u00f3lica\" \/>\n<meta property=\"article:published_time\" content=\"2022-05-24T09:27:21+00:00\" \/>\n<meta property=\"article:modified_time\" content=\"2022-05-24T09:34:05+00:00\" \/>\n<meta property=\"og:image\" content=\"https:\/\/www.atalaya.eu\/actualidad\/wp-content\/uploads\/2022\/05\/Comunidad-energetica-Luco-de-Jiloca.jpg\" \/>\n\t<meta property=\"og:image:width\" content=\"1136\" \/>\n\t<meta property=\"og:image:height\" content=\"468\" \/>\n\t<meta property=\"og:image:type\" content=\"image\/jpeg\" \/>\n<meta name=\"twitter:card\" content=\"summary_large_image\" \/>\n<meta name=\"twitter:label1\" content=\"Escrito por\" \/>\n\t<meta name=\"twitter:data1\" content=\"Atalaya\" \/>\n\t<meta name=\"twitter:label2\" content=\"Tiempo de lectura\" \/>\n\t<meta name=\"twitter:data2\" content=\"2 minutos\" \/>\n<script type=\"application\/ld+json\" class=\"yoast-schema-graph\">{\"@context\":\"https:\/\/schema.org\",\"@graph\":[{\"@type\":\"WebSite\",\"@id\":\"https:\/\/www.atalaya.eu\/actualidad\/#website\",\"url\":\"https:\/\/www.atalaya.eu\/actualidad\/\",\"name\":\"ATALAYA Generaci\u00f3n E\u00f3lica\",\"description\":\"ATALAYA Generaci\u00f3n E\u00f3lica\",\"potentialAction\":[{\"@type\":\"SearchAction\",\"target\":{\"@type\":\"EntryPoint\",\"urlTemplate\":\"https:\/\/www.atalaya.eu\/actualidad\/?s={search_term_string}\"},\"query-input\":\"required name=search_term_string\"}],\"inLanguage\":\"es\"},{\"@type\":\"ImageObject\",\"@id\":\"https:\/\/www.atalaya.eu\/actualidad\/blog\/las-comunidades-energeticas-y-el-autoconsumo-colectivo\/#primaryimage\",\"inLanguage\":\"es\",\"url\":\"https:\/\/www.atalaya.eu\/actualidad\/wp-content\/uploads\/2022\/05\/Comunidad-energetica-Luco-de-Jiloca.jpg\",\"contentUrl\":\"https:\/\/www.atalaya.eu\/actualidad\/wp-content\/uploads\/2022\/05\/Comunidad-energetica-Luco-de-Jiloca.jpg\",\"width\":1136,\"height\":468,\"caption\":\"Comunidad energ\u00e9tica Luco de Jiloca (Teruel)\"},{\"@type\":\"WebPage\",\"@id\":\"https:\/\/www.atalaya.eu\/actualidad\/blog\/las-comunidades-energeticas-y-el-autoconsumo-colectivo\/#webpage\",\"url\":\"https:\/\/www.atalaya.eu\/actualidad\/blog\/las-comunidades-energeticas-y-el-autoconsumo-colectivo\/\",\"name\":\"Las Comunidades Energ\u00e9ticas y el autoconsumo colectivo - ATALAYA Generaci\u00f3n E\u00f3lica\",\"isPartOf\":{\"@id\":\"https:\/\/www.atalaya.eu\/actualidad\/#website\"},\"primaryImageOfPage\":{\"@id\":\"https:\/\/www.atalaya.eu\/actualidad\/blog\/las-comunidades-energeticas-y-el-autoconsumo-colectivo\/#primaryimage\"},\"datePublished\":\"2022-05-24T09:27:21+00:00\",\"dateModified\":\"2022-05-24T09:34:05+00:00\",\"author\":{\"@id\":\"https:\/\/www.atalaya.eu\/actualidad\/#\/schema\/person\/c87c3875b91eae1047695e51cd11baad\"},\"description\":\"Las Comunidades Energ\u00e9ticas contribuir\u00e1n, por medio del autoconsumo colectivo, al desarrollo de las energ\u00edas renovables en pol\u00edgonos industriales.\",\"breadcrumb\":{\"@id\":\"https:\/\/www.atalaya.eu\/actualidad\/blog\/las-comunidades-energeticas-y-el-autoconsumo-colectivo\/#breadcrumb\"},\"inLanguage\":\"es\",\"potentialAction\":[{\"@type\":\"ReadAction\",\"target\":[\"https:\/\/www.atalaya.eu\/actualidad\/blog\/las-comunidades-energeticas-y-el-autoconsumo-colectivo\/\"]}]},{\"@type\":\"BreadcrumbList\",\"@id\":\"https:\/\/www.atalaya.eu\/actualidad\/blog\/las-comunidades-energeticas-y-el-autoconsumo-colectivo\/#breadcrumb\",\"itemListElement\":[{\"@type\":\"ListItem\",\"position\":1,\"name\":\"Portada\",\"item\":\"https:\/\/www.atalaya.eu\/actualidad\/\"},{\"@type\":\"ListItem\",\"position\":2,\"name\":\"Las Comunidades Energ\u00e9ticas y el autoconsumo colectivo\"}]},{\"@type\":\"Person\",\"@id\":\"https:\/\/www.atalaya.eu\/actualidad\/#\/schema\/person\/c87c3875b91eae1047695e51cd11baad\",\"name\":\"Atalaya\",\"image\":{\"@type\":\"ImageObject\",\"@id\":\"https:\/\/www.atalaya.eu\/actualidad\/#personlogo\",\"inLanguage\":\"es\",\"url\":\"https:\/\/secure.gravatar.com\/avatar\/18613b53f3c2184b9d259778e24af0716c0793eb64bfb578efa5511ec51936ba?s=96&d=mm&r=g\",\"contentUrl\":\"https:\/\/secure.gravatar.com\/avatar\/18613b53f3c2184b9d259778e24af0716c0793eb64bfb578efa5511ec51936ba?s=96&d=mm&r=g\",\"caption\":\"Atalaya\"},\"sameAs\":[\"https:\/\/www.atalaya.eu\/actualidad\"],\"url\":\"https:\/\/www.atalaya.eu\/actualidad\/author\/atalaya\/\"}]}<\/script>\n<!-- \/ Yoast SEO plugin. -->","yoast_head_json":{"title":"Las Comunidades Energ\u00e9ticas y el autoconsumo colectivo - ATALAYA Generaci\u00f3n E\u00f3lica","description":"Las Comunidades Energ\u00e9ticas contribuir\u00e1n, por medio del autoconsumo colectivo, al desarrollo de las energ\u00edas renovables en pol\u00edgonos industriales.","robots":{"index":"index","follow":"follow","max-snippet":"max-snippet:-1","max-image-preview":"max-image-preview:large","max-video-preview":"max-video-preview:-1"},"canonical":"https:\/\/www.atalaya.eu\/actualidad\/blog\/las-comunidades-energeticas-y-el-autoconsumo-colectivo\/","og_locale":"es_ES","og_type":"article","og_title":"Las Comunidades Energ\u00e9ticas y el autoconsumo colectivo - ATALAYA Generaci\u00f3n E\u00f3lica","og_description":"Las Comunidades Energ\u00e9ticas contribuir\u00e1n, por medio del autoconsumo colectivo, al desarrollo de las energ\u00edas renovables en pol\u00edgonos industriales.","og_url":"https:\/\/www.atalaya.eu\/actualidad\/blog\/las-comunidades-energeticas-y-el-autoconsumo-colectivo\/","og_site_name":"ATALAYA Generaci\u00f3n E\u00f3lica","article_published_time":"2022-05-24T09:27:21+00:00","article_modified_time":"2022-05-24T09:34:05+00:00","og_image":[{"width":1136,"height":468,"url":"https:\/\/www.atalaya.eu\/actualidad\/wp-content\/uploads\/2022\/05\/Comunidad-energetica-Luco-de-Jiloca.jpg","type":"image\/jpeg"}],"twitter_card":"summary_large_image","twitter_misc":{"Escrito por":"Atalaya","Tiempo de lectura":"2 minutos"},"schema":{"@context":"https:\/\/schema.org","@graph":[{"@type":"WebSite","@id":"https:\/\/www.atalaya.eu\/actualidad\/#website","url":"https:\/\/www.atalaya.eu\/actualidad\/","name":"ATALAYA Generaci\u00f3n E\u00f3lica","description":"ATALAYA Generaci\u00f3n E\u00f3lica","potentialAction":[{"@type":"SearchAction","target":{"@type":"EntryPoint","urlTemplate":"https:\/\/www.atalaya.eu\/actualidad\/?s={search_term_string}"},"query-input":"required name=search_term_string"}],"inLanguage":"es"},{"@type":"ImageObject","@id":"https:\/\/www.atalaya.eu\/actualidad\/blog\/las-comunidades-energeticas-y-el-autoconsumo-colectivo\/#primaryimage","inLanguage":"es","url":"https:\/\/www.atalaya.eu\/actualidad\/wp-content\/uploads\/2022\/05\/Comunidad-energetica-Luco-de-Jiloca.jpg","contentUrl":"https:\/\/www.atalaya.eu\/actualidad\/wp-content\/uploads\/2022\/05\/Comunidad-energetica-Luco-de-Jiloca.jpg","width":1136,"height":468,"caption":"Comunidad energ\u00e9tica Luco de Jiloca (Teruel)"},{"@type":"WebPage","@id":"https:\/\/www.atalaya.eu\/actualidad\/blog\/las-comunidades-energeticas-y-el-autoconsumo-colectivo\/#webpage","url":"https:\/\/www.atalaya.eu\/actualidad\/blog\/las-comunidades-energeticas-y-el-autoconsumo-colectivo\/","name":"Las Comunidades Energ\u00e9ticas y el autoconsumo colectivo - ATALAYA Generaci\u00f3n E\u00f3lica","isPartOf":{"@id":"https:\/\/www.atalaya.eu\/actualidad\/#website"},"primaryImageOfPage":{"@id":"https:\/\/www.atalaya.eu\/actualidad\/blog\/las-comunidades-energeticas-y-el-autoconsumo-colectivo\/#primaryimage"},"datePublished":"2022-05-24T09:27:21+00:00","dateModified":"2022-05-24T09:34:05+00:00","author":{"@id":"https:\/\/www.atalaya.eu\/actualidad\/#\/schema\/person\/c87c3875b91eae1047695e51cd11baad"},"description":"Las Comunidades Energ\u00e9ticas contribuir\u00e1n, por medio del autoconsumo colectivo, al desarrollo de las energ\u00edas renovables en pol\u00edgonos industriales.","breadcrumb":{"@id":"https:\/\/www.atalaya.eu\/actualidad\/blog\/las-comunidades-energeticas-y-el-autoconsumo-colectivo\/#breadcrumb"},"inLanguage":"es","potentialAction":[{"@type":"ReadAction","target":["https:\/\/www.atalaya.eu\/actualidad\/blog\/las-comunidades-energeticas-y-el-autoconsumo-colectivo\/"]}]},{"@type":"BreadcrumbList","@id":"https:\/\/www.atalaya.eu\/actualidad\/blog\/las-comunidades-energeticas-y-el-autoconsumo-colectivo\/#breadcrumb","itemListElement":[{"@type":"ListItem","position":1,"name":"Portada","item":"https:\/\/www.atalaya.eu\/actualidad\/"},{"@type":"ListItem","position":2,"name":"Las Comunidades Energ\u00e9ticas y el autoconsumo colectivo"}]},{"@type":"Person","@id":"https:\/\/www.atalaya.eu\/actualidad\/#\/schema\/person\/c87c3875b91eae1047695e51cd11baad","name":"Atalaya","image":{"@type":"ImageObject","@id":"https:\/\/www.atalaya.eu\/actualidad\/#personlogo","inLanguage":"es","url":"https:\/\/secure.gravatar.com\/avatar\/18613b53f3c2184b9d259778e24af0716c0793eb64bfb578efa5511ec51936ba?s=96&d=mm&r=g","contentUrl":"https:\/\/secure.gravatar.com\/avatar\/18613b53f3c2184b9d259778e24af0716c0793eb64bfb578efa5511ec51936ba?s=96&d=mm&r=g","caption":"Atalaya"},"sameAs":["https:\/\/www.atalaya.eu\/actualidad"],"url":"https:\/\/www.atalaya.eu\/actualidad\/author\/atalaya\/"}]}},"_links":{"self":[{"href":"https:\/\/www.atalaya.eu\/actualidad\/wp-json\/wp\/v2\/posts\/766","targetHints":{"allow":["GET"]}}],"collection":[{"href":"https:\/\/www.atalaya.eu\/actualidad\/wp-json\/wp\/v2\/posts"}],"about":[{"href":"https:\/\/www.atalaya.eu\/actualidad\/wp-json\/wp\/v2\/types\/post"}],"author":[{"embeddable":true,"href":"https:\/\/www.atalaya.eu\/actualidad\/wp-json\/wp\/v2\/users\/1"}],"replies":[{"embeddable":true,"href":"https:\/\/www.atalaya.eu\/actualidad\/wp-json\/wp\/v2\/comments?post=766"}],"version-history":[{"count":3,"href":"https:\/\/www.atalaya.eu\/actualidad\/wp-json\/wp\/v2\/posts\/766\/revisions"}],"predecessor-version":[{"id":772,"href":"https:\/\/www.atalaya.eu\/actualidad\/wp-json\/wp\/v2\/posts\/766\/revisions\/772"}],"wp:featuredmedia":[{"embeddable":true,"href":"https:\/\/www.atalaya.eu\/actualidad\/wp-json\/wp\/v2\/media\/767"}],"wp:attachment":[{"href":"https:\/\/www.atalaya.eu\/actualidad\/wp-json\/wp\/v2\/media?parent=766"}],"wp:term":[{"taxonomy":"category","embeddable":true,"href":"https:\/\/www.atalaya.eu\/actualidad\/wp-json\/wp\/v2\/categories?post=766"},{"taxonomy":"post_tag","embeddable":true,"href":"https:\/\/www.atalaya.eu\/actualidad\/wp-json\/wp\/v2\/tags?post=766"}],"curies":[{"name":"wp","href":"https:\/\/api.w.org\/{rel}","templated":true}]}}