{"id":79,"date":"2018-07-14T12:24:00","date_gmt":"2018-07-14T12:24:00","guid":{"rendered":"https:\/\/www.atalaya.eu\/actualidad\/?p=79"},"modified":"2022-05-20T06:22:14","modified_gmt":"2022-05-20T06:22:14","slug":"pedro-machin-participa-en-utrillas-en-las-jornadas-el-futuro-que-viene-las-energias-renovables-contra-la-despoblacion","status":"publish","type":"post","link":"https:\/\/www.atalaya.eu\/actualidad\/noticias\/pedro-machin-participa-en-utrillas-en-las-jornadas-el-futuro-que-viene-las-energias-renovables-contra-la-despoblacion\/","title":{"rendered":"Pedro Mach\u00edn participa en Utrillas en las Jornadas \u201cEl futuro que viene: las energ\u00edas renovables contra la despoblaci\u00f3n\u201d"},"content":{"rendered":"\n<figure class=\"wp-block-embed is-type-video is-provider-youtube wp-block-embed-youtube wp-embed-aspect-16-9 wp-has-aspect-ratio\"><div class=\"wp-block-embed__wrapper\">\n<div class=\"ast-oembed-container\"><iframe loading=\"lazy\" title=\"Arag\u00f3n, referente nacional en renovables\" width=\"500\" height=\"281\" src=\"https:\/\/www.youtube.com\/embed\/vEEKScNAszA?feature=oembed\" frameborder=\"0\" allow=\"accelerometer; autoplay; clipboard-write; encrypted-media; gyroscope; picture-in-picture; web-share\" referrerpolicy=\"strict-origin-when-cross-origin\" allowfullscreen><\/iframe><\/div>\n<\/div><\/figure>\n\n\n<p style=\"text-align: justify;\">Pedro Mach\u00edn, CEO de ATALAYA GENERACION y presidente del&nbsp;<a href=\"https:\/\/clenar.com\/\" target=\"_blank\" rel=\"noopener\">Cl\u00faster de la Energ\u00eda de Arag\u00f3n&nbsp;<\/a>(CLENAR) particip\u00f3 en el&nbsp;<strong>III Foro Econ\u00f3mico<\/strong>&nbsp;impulsado por el Ayuntamiento de Utrillas,&nbsp;en el que se analizaron los&nbsp;<strong>retos y oportunidades del sector de las energ\u00edas renovables<\/strong>&nbsp;y sus efectos en el tejido socioecon\u00f3mico de la zona en dos debates con expertos del sector.<\/p>\n<p style=\"text-align: justify;\"><strong>Pedro Mach\u00edn<\/strong>, destac\u00f3&nbsp;la gran oportunidad que representan los futuros parques que se van a implantar en la comarca para&nbsp; \u201c<strong>impulsar institutos de formaci\u00f3n\u00bb&nbsp;<\/strong>que permitan&nbsp;especializar a los j\u00f3venes de la regi\u00f3n como t\u00e9cnicos para la construcci\u00f3n, operaci\u00f3n y mantenimiento de las empresas que van a desarrollar parques fotovoltaicos y e\u00f3licos, generando empleo local en la zona.<\/p>","protected":false},"excerpt":{"rendered":"<p>Pedro Mach\u00edn, CEO de ATALAYA GENERACION y presidente del&nbsp;Cl\u00faster de la Energ\u00eda de Arag\u00f3n&nbsp;(CLENAR) particip\u00f3 en el&nbsp;III Foro Econ\u00f3mico&nbsp;impulsado por el Ayuntamiento de Utrillas,&nbsp;en el que se analizaron los&nbsp;retos y oportunidades del sector de las energ\u00edas renovables&nbsp;y sus efectos en el tejido socioecon\u00f3mico de la zona en dos debates con expertos del sector. Pedro Mach\u00edn, &hellip;<\/p>\n<p class=\"read-more\"> <a class=\"\" href=\"https:\/\/www.atalaya.eu\/actualidad\/noticias\/pedro-machin-participa-en-utrillas-en-las-jornadas-el-futuro-que-viene-las-energias-renovables-contra-la-despoblacion\/\"> <span class=\"screen-reader-text\">Pedro Mach\u00edn participa en Utrillas en las Jornadas \u201cEl futuro que viene: las energ\u00edas renovables contra la despoblaci\u00f3n\u201d<\/span> Leer m\u00e1s &raquo;<\/a><\/p>\n","protected":false},"author":1,"featured_media":83,"comment_status":"closed","ping_status":"open","sticky":false,"template":"","format":"standard","meta":{"inline_featured_image":false,"site-sidebar-layout":"default","site-content-layout":"default","ast-main-header-display":"","ast-hfb-above-header-display":"","ast-hfb-below-header-display":"","ast-hfb-mobile-header-display":"","site-post-title":"","ast-breadcrumbs-content":"","ast-featured-img":"","footer-sml-layout":"","theme-transparent-header-meta":"","adv-header-id-meta":"","stick-header-meta":"","header-above-stick-meta":"","header-main-stick-meta":"","header-below-stick-meta":"","footnotes":""},"categories":[4],"tags":[],"class_list":["post-79","post","type-post","status-publish","format-standard","has-post-thumbnail","hentry","category-noticias"],"yoast_head":"<!-- This site is optimized with the Yoast SEO plugin v18.5.1 - https:\/\/yoast.com\/wordpress\/plugins\/seo\/ -->\n<title>Pedro Mach\u00edn participa en Utrillas en las Jornadas \u201cEl futuro que viene: las energ\u00edas renovables contra la despoblaci\u00f3n\u201d - ATALAYA Generaci\u00f3n E\u00f3lica<\/title>\n<meta name=\"robots\" content=\"index, follow, max-snippet:-1, max-image-preview:large, max-video-preview:-1\" \/>\n<link rel=\"canonical\" href=\"https:\/\/www.atalaya.eu\/actualidad\/noticias\/pedro-machin-participa-en-utrillas-en-las-jornadas-el-futuro-que-viene-las-energias-renovables-contra-la-despoblacion\/\" \/>\n<meta property=\"og:locale\" content=\"es_ES\" \/>\n<meta property=\"og:type\" content=\"article\" \/>\n<meta property=\"og:title\" content=\"Pedro Mach\u00edn participa en Utrillas en las Jornadas \u201cEl futuro que viene: las energ\u00edas renovables contra la despoblaci\u00f3n\u201d - ATALAYA Generaci\u00f3n E\u00f3lica\" \/>\n<meta property=\"og:description\" content=\"Pedro Mach\u00edn, CEO de ATALAYA GENERACION y presidente del&nbsp;Cl\u00faster de la Energ\u00eda de Arag\u00f3n&nbsp;(CLENAR) particip\u00f3 en el&nbsp;III Foro Econ\u00f3mico&nbsp;impulsado por el Ayuntamiento de Utrillas,&nbsp;en el que se analizaron los&nbsp;retos y oportunidades del sector de las energ\u00edas renovables&nbsp;y sus efectos en el tejido socioecon\u00f3mico de la zona en dos debates con expertos del sector. Pedro Mach\u00edn, &hellip; Pedro Mach\u00edn participa en Utrillas en las Jornadas \u201cEl futuro que viene: las energ\u00edas renovables contra la despoblaci\u00f3n\u201d Leer m\u00e1s &raquo;\" \/>\n<meta property=\"og:url\" content=\"https:\/\/www.atalaya.eu\/actualidad\/noticias\/pedro-machin-participa-en-utrillas-en-las-jornadas-el-futuro-que-viene-las-energias-renovables-contra-la-despoblacion\/\" \/>\n<meta property=\"og:site_name\" content=\"ATALAYA Generaci\u00f3n E\u00f3lica\" \/>\n<meta property=\"article:published_time\" content=\"2018-07-14T12:24:00+00:00\" \/>\n<meta property=\"article:modified_time\" content=\"2022-05-20T06:22:14+00:00\" \/>\n<meta property=\"og:image\" content=\"https:\/\/www.atalaya.eu\/actualidad\/wp-content\/uploads\/2022\/04\/aragon-referente-renovables.jpg\" \/>\n\t<meta property=\"og:image:width\" content=\"900\" \/>\n\t<meta property=\"og:image:height\" content=\"600\" \/>\n\t<meta property=\"og:image:type\" content=\"image\/jpeg\" \/>\n<meta name=\"twitter:card\" content=\"summary_large_image\" \/>\n<meta name=\"twitter:label1\" content=\"Escrito por\" \/>\n\t<meta name=\"twitter:data1\" content=\"Atalaya\" \/>\n\t<meta name=\"twitter:label2\" content=\"Tiempo de lectura\" \/>\n\t<meta name=\"twitter:data2\" content=\"1 minuto\" \/>\n<script type=\"application\/ld+json\" class=\"yoast-schema-graph\">{\"@context\":\"https:\/\/schema.org\",\"@graph\":[{\"@type\":\"WebSite\",\"@id\":\"https:\/\/www.atalaya.eu\/actualidad\/#website\",\"url\":\"https:\/\/www.atalaya.eu\/actualidad\/\",\"name\":\"ATALAYA Generaci\u00f3n E\u00f3lica\",\"description\":\"ATALAYA Generaci\u00f3n E\u00f3lica\",\"potentialAction\":[{\"@type\":\"SearchAction\",\"target\":{\"@type\":\"EntryPoint\",\"urlTemplate\":\"https:\/\/www.atalaya.eu\/actualidad\/?s={search_term_string}\"},\"query-input\":\"required name=search_term_string\"}],\"inLanguage\":\"es\"},{\"@type\":\"ImageObject\",\"@id\":\"https:\/\/www.atalaya.eu\/actualidad\/noticias\/pedro-machin-participa-en-utrillas-en-las-jornadas-el-futuro-que-viene-las-energias-renovables-contra-la-despoblacion\/#primaryimage\",\"inLanguage\":\"es\",\"url\":\"https:\/\/www.atalaya.eu\/actualidad\/wp-content\/uploads\/2022\/04\/aragon-referente-renovables.jpg\",\"contentUrl\":\"https:\/\/www.atalaya.eu\/actualidad\/wp-content\/uploads\/2022\/04\/aragon-referente-renovables.jpg\",\"width\":900,\"height\":600},{\"@type\":\"WebPage\",\"@id\":\"https:\/\/www.atalaya.eu\/actualidad\/noticias\/pedro-machin-participa-en-utrillas-en-las-jornadas-el-futuro-que-viene-las-energias-renovables-contra-la-despoblacion\/#webpage\",\"url\":\"https:\/\/www.atalaya.eu\/actualidad\/noticias\/pedro-machin-participa-en-utrillas-en-las-jornadas-el-futuro-que-viene-las-energias-renovables-contra-la-despoblacion\/\",\"name\":\"Pedro Mach\u00edn participa en Utrillas en las Jornadas \u201cEl futuro que viene: las energ\u00edas renovables contra la despoblaci\u00f3n\u201d - ATALAYA Generaci\u00f3n E\u00f3lica\",\"isPartOf\":{\"@id\":\"https:\/\/www.atalaya.eu\/actualidad\/#website\"},\"primaryImageOfPage\":{\"@id\":\"https:\/\/www.atalaya.eu\/actualidad\/noticias\/pedro-machin-participa-en-utrillas-en-las-jornadas-el-futuro-que-viene-las-energias-renovables-contra-la-despoblacion\/#primaryimage\"},\"datePublished\":\"2018-07-14T12:24:00+00:00\",\"dateModified\":\"2022-05-20T06:22:14+00:00\",\"author\":{\"@id\":\"https:\/\/www.atalaya.eu\/actualidad\/#\/schema\/person\/c87c3875b91eae1047695e51cd11baad\"},\"breadcrumb\":{\"@id\":\"https:\/\/www.atalaya.eu\/actualidad\/noticias\/pedro-machin-participa-en-utrillas-en-las-jornadas-el-futuro-que-viene-las-energias-renovables-contra-la-despoblacion\/#breadcrumb\"},\"inLanguage\":\"es\",\"potentialAction\":[{\"@type\":\"ReadAction\",\"target\":[\"https:\/\/www.atalaya.eu\/actualidad\/noticias\/pedro-machin-participa-en-utrillas-en-las-jornadas-el-futuro-que-viene-las-energias-renovables-contra-la-despoblacion\/\"]}]},{\"@type\":\"BreadcrumbList\",\"@id\":\"https:\/\/www.atalaya.eu\/actualidad\/noticias\/pedro-machin-participa-en-utrillas-en-las-jornadas-el-futuro-que-viene-las-energias-renovables-contra-la-despoblacion\/#breadcrumb\",\"itemListElement\":[{\"@type\":\"ListItem\",\"position\":1,\"name\":\"Portada\",\"item\":\"https:\/\/www.atalaya.eu\/actualidad\/\"},{\"@type\":\"ListItem\",\"position\":2,\"name\":\"Pedro Mach\u00edn participa en Utrillas en las Jornadas \u201cEl futuro que viene: las energ\u00edas renovables contra la despoblaci\u00f3n\u201d\"}]},{\"@type\":\"Person\",\"@id\":\"https:\/\/www.atalaya.eu\/actualidad\/#\/schema\/person\/c87c3875b91eae1047695e51cd11baad\",\"name\":\"Atalaya\",\"image\":{\"@type\":\"ImageObject\",\"@id\":\"https:\/\/www.atalaya.eu\/actualidad\/#personlogo\",\"inLanguage\":\"es\",\"url\":\"https:\/\/secure.gravatar.com\/avatar\/18613b53f3c2184b9d259778e24af0716c0793eb64bfb578efa5511ec51936ba?s=96&d=mm&r=g\",\"contentUrl\":\"https:\/\/secure.gravatar.com\/avatar\/18613b53f3c2184b9d259778e24af0716c0793eb64bfb578efa5511ec51936ba?s=96&d=mm&r=g\",\"caption\":\"Atalaya\"},\"sameAs\":[\"https:\/\/www.atalaya.eu\/actualidad\"],\"url\":\"https:\/\/www.atalaya.eu\/actualidad\/author\/atalaya\/\"}]}<\/script>\n<!-- \/ Yoast SEO plugin. -->","yoast_head_json":{"title":"Pedro Mach\u00edn participa en Utrillas en las Jornadas \u201cEl futuro que viene: las energ\u00edas renovables contra la despoblaci\u00f3n\u201d - ATALAYA Generaci\u00f3n E\u00f3lica","robots":{"index":"index","follow":"follow","max-snippet":"max-snippet:-1","max-image-preview":"max-image-preview:large","max-video-preview":"max-video-preview:-1"},"canonical":"https:\/\/www.atalaya.eu\/actualidad\/noticias\/pedro-machin-participa-en-utrillas-en-las-jornadas-el-futuro-que-viene-las-energias-renovables-contra-la-despoblacion\/","og_locale":"es_ES","og_type":"article","og_title":"Pedro Mach\u00edn participa en Utrillas en las Jornadas \u201cEl futuro que viene: las energ\u00edas renovables contra la despoblaci\u00f3n\u201d - ATALAYA Generaci\u00f3n E\u00f3lica","og_description":"Pedro Mach\u00edn, CEO de ATALAYA GENERACION y presidente del&nbsp;Cl\u00faster de la Energ\u00eda de Arag\u00f3n&nbsp;(CLENAR) particip\u00f3 en el&nbsp;III Foro Econ\u00f3mico&nbsp;impulsado por el Ayuntamiento de Utrillas,&nbsp;en el que se analizaron los&nbsp;retos y oportunidades del sector de las energ\u00edas renovables&nbsp;y sus efectos en el tejido socioecon\u00f3mico de la zona en dos debates con expertos del sector. Pedro Mach\u00edn, &hellip; Pedro Mach\u00edn participa en Utrillas en las Jornadas \u201cEl futuro que viene: las energ\u00edas renovables contra la despoblaci\u00f3n\u201d Leer m\u00e1s &raquo;","og_url":"https:\/\/www.atalaya.eu\/actualidad\/noticias\/pedro-machin-participa-en-utrillas-en-las-jornadas-el-futuro-que-viene-las-energias-renovables-contra-la-despoblacion\/","og_site_name":"ATALAYA Generaci\u00f3n E\u00f3lica","article_published_time":"2018-07-14T12:24:00+00:00","article_modified_time":"2022-05-20T06:22:14+00:00","og_image":[{"width":900,"height":600,"url":"https:\/\/www.atalaya.eu\/actualidad\/wp-content\/uploads\/2022\/04\/aragon-referente-renovables.jpg","type":"image\/jpeg"}],"twitter_card":"summary_large_image","twitter_misc":{"Escrito por":"Atalaya","Tiempo de lectura":"1 minuto"},"schema":{"@context":"https:\/\/schema.org","@graph":[{"@type":"WebSite","@id":"https:\/\/www.atalaya.eu\/actualidad\/#website","url":"https:\/\/www.atalaya.eu\/actualidad\/","name":"ATALAYA Generaci\u00f3n E\u00f3lica","description":"ATALAYA Generaci\u00f3n E\u00f3lica","potentialAction":[{"@type":"SearchAction","target":{"@type":"EntryPoint","urlTemplate":"https:\/\/www.atalaya.eu\/actualidad\/?s={search_term_string}"},"query-input":"required name=search_term_string"}],"inLanguage":"es"},{"@type":"ImageObject","@id":"https:\/\/www.atalaya.eu\/actualidad\/noticias\/pedro-machin-participa-en-utrillas-en-las-jornadas-el-futuro-que-viene-las-energias-renovables-contra-la-despoblacion\/#primaryimage","inLanguage":"es","url":"https:\/\/www.atalaya.eu\/actualidad\/wp-content\/uploads\/2022\/04\/aragon-referente-renovables.jpg","contentUrl":"https:\/\/www.atalaya.eu\/actualidad\/wp-content\/uploads\/2022\/04\/aragon-referente-renovables.jpg","width":900,"height":600},{"@type":"WebPage","@id":"https:\/\/www.atalaya.eu\/actualidad\/noticias\/pedro-machin-participa-en-utrillas-en-las-jornadas-el-futuro-que-viene-las-energias-renovables-contra-la-despoblacion\/#webpage","url":"https:\/\/www.atalaya.eu\/actualidad\/noticias\/pedro-machin-participa-en-utrillas-en-las-jornadas-el-futuro-que-viene-las-energias-renovables-contra-la-despoblacion\/","name":"Pedro Mach\u00edn participa en Utrillas en las Jornadas \u201cEl futuro que viene: las energ\u00edas renovables contra la despoblaci\u00f3n\u201d - ATALAYA Generaci\u00f3n E\u00f3lica","isPartOf":{"@id":"https:\/\/www.atalaya.eu\/actualidad\/#website"},"primaryImageOfPage":{"@id":"https:\/\/www.atalaya.eu\/actualidad\/noticias\/pedro-machin-participa-en-utrillas-en-las-jornadas-el-futuro-que-viene-las-energias-renovables-contra-la-despoblacion\/#primaryimage"},"datePublished":"2018-07-14T12:24:00+00:00","dateModified":"2022-05-20T06:22:14+00:00","author":{"@id":"https:\/\/www.atalaya.eu\/actualidad\/#\/schema\/person\/c87c3875b91eae1047695e51cd11baad"},"breadcrumb":{"@id":"https:\/\/www.atalaya.eu\/actualidad\/noticias\/pedro-machin-participa-en-utrillas-en-las-jornadas-el-futuro-que-viene-las-energias-renovables-contra-la-despoblacion\/#breadcrumb"},"inLanguage":"es","potentialAction":[{"@type":"ReadAction","target":["https:\/\/www.atalaya.eu\/actualidad\/noticias\/pedro-machin-participa-en-utrillas-en-las-jornadas-el-futuro-que-viene-las-energias-renovables-contra-la-despoblacion\/"]}]},{"@type":"BreadcrumbList","@id":"https:\/\/www.atalaya.eu\/actualidad\/noticias\/pedro-machin-participa-en-utrillas-en-las-jornadas-el-futuro-que-viene-las-energias-renovables-contra-la-despoblacion\/#breadcrumb","itemListElement":[{"@type":"ListItem","position":1,"name":"Portada","item":"https:\/\/www.atalaya.eu\/actualidad\/"},{"@type":"ListItem","position":2,"name":"Pedro Mach\u00edn participa en Utrillas en las Jornadas \u201cEl futuro que viene: las energ\u00edas renovables contra la despoblaci\u00f3n\u201d"}]},{"@type":"Person","@id":"https:\/\/www.atalaya.eu\/actualidad\/#\/schema\/person\/c87c3875b91eae1047695e51cd11baad","name":"Atalaya","image":{"@type":"ImageObject","@id":"https:\/\/www.atalaya.eu\/actualidad\/#personlogo","inLanguage":"es","url":"https:\/\/secure.gravatar.com\/avatar\/18613b53f3c2184b9d259778e24af0716c0793eb64bfb578efa5511ec51936ba?s=96&d=mm&r=g","contentUrl":"https:\/\/secure.gravatar.com\/avatar\/18613b53f3c2184b9d259778e24af0716c0793eb64bfb578efa5511ec51936ba?s=96&d=mm&r=g","caption":"Atalaya"},"sameAs":["https:\/\/www.atalaya.eu\/actualidad"],"url":"https:\/\/www.atalaya.eu\/actualidad\/author\/atalaya\/"}]}},"_links":{"self":[{"href":"https:\/\/www.atalaya.eu\/actualidad\/wp-json\/wp\/v2\/posts\/79","targetHints":{"allow":["GET"]}}],"collection":[{"href":"https:\/\/www.atalaya.eu\/actualidad\/wp-json\/wp\/v2\/posts"}],"about":[{"href":"https:\/\/www.atalaya.eu\/actualidad\/wp-json\/wp\/v2\/types\/post"}],"author":[{"embeddable":true,"href":"https:\/\/www.atalaya.eu\/actualidad\/wp-json\/wp\/v2\/users\/1"}],"replies":[{"embeddable":true,"href":"https:\/\/www.atalaya.eu\/actualidad\/wp-json\/wp\/v2\/comments?post=79"}],"version-history":[{"count":4,"href":"https:\/\/www.atalaya.eu\/actualidad\/wp-json\/wp\/v2\/posts\/79\/revisions"}],"predecessor-version":[{"id":97,"href":"https:\/\/www.atalaya.eu\/actualidad\/wp-json\/wp\/v2\/posts\/79\/revisions\/97"}],"wp:featuredmedia":[{"embeddable":true,"href":"https:\/\/www.atalaya.eu\/actualidad\/wp-json\/wp\/v2\/media\/83"}],"wp:attachment":[{"href":"https:\/\/www.atalaya.eu\/actualidad\/wp-json\/wp\/v2\/media?parent=79"}],"wp:term":[{"taxonomy":"category","embeddable":true,"href":"https:\/\/www.atalaya.eu\/actualidad\/wp-json\/wp\/v2\/categories?post=79"},{"taxonomy":"post_tag","embeddable":true,"href":"https:\/\/www.atalaya.eu\/actualidad\/wp-json\/wp\/v2\/tags?post=79"}],"curies":[{"name":"wp","href":"https:\/\/api.w.org\/{rel}","templated":true}]}}