{"id":793,"date":"2022-08-01T11:26:59","date_gmt":"2022-08-01T11:26:59","guid":{"rendered":"https:\/\/www.atalaya.eu\/actualidad\/?p=793"},"modified":"2022-08-01T11:27:01","modified_gmt":"2022-08-01T11:27:01","slug":"el-gobierno-de-aragon-se-compromete-a-promover-las-comunidades-energeticas-de-autoconsumo","status":"publish","type":"post","link":"https:\/\/www.atalaya.eu\/actualidad\/noticias\/el-gobierno-de-aragon-se-compromete-a-promover-las-comunidades-energeticas-de-autoconsumo\/","title":{"rendered":"El Gobierno de Arag\u00f3n se compromete a promover las comunidades energ\u00e9ticas de autoconsumo"},"content":{"rendered":"\n<figure class=\"wp-block-image size-large\"><img loading=\"lazy\" decoding=\"async\" width=\"1024\" height=\"475\" src=\"https:\/\/www.atalaya.eu\/actualidad\/wp-content\/uploads\/2022\/08\/comunidades-energeticas-en-Aragon-1024x475.jpg\" alt=\"comunidades energ\u00e9ticas en Arag\u00f3n\" class=\"wp-image-794\"\/><\/figure>\n\n\n\n<p>El Gobierno de Arag\u00f3n ha suscrito un\u00a0protocolo de colaboraci\u00f3n para impulsar las comunidades energ\u00e9ticas de autoconsumo en su territorio. En \u00e9l participan los representantes territoriales de la comunidad aut\u00f3noma, las diputaciones provinciales y los municipios, el mundo empresarial y el Cl\u00faster de la Energ\u00eda de Arag\u00f3n.<\/p>\n\n\n\n<p>Este convenio pretende ayudar a los municipios de Arag\u00f3n a convertirse en tierra de oportunidades energ\u00e9ticas, como importante palanca de desarrollo. Cada localidad deber\u00e1 encontrar un desarrollo a su medida, generando energ\u00eda renovable, verde y barata, seg\u00fan sus expectativas y sus propios condicionantes. Y junto a ellos, las empresas del sector deber\u00e1n ser los ejecutores de estos proyectos, tras una b\u00fasqueda de las mejores f\u00f3rmulas t\u00e9cnicas y econ\u00f3micas en el marco de la colaboraci\u00f3n p\u00fablico-privada.<\/p>\n\n\n\n<p>El protocolo tambi\u00e9n pretende convertirse en una herramienta para revertir la despoblaci\u00f3n, al poner a disposici\u00f3n de los municipios los m\u00e1ximos recursos posibles, usando la producci\u00f3n de energ\u00eda renovable.<\/p>\n\n\n\n<h2 class=\"wp-block-heading\">Un paso m\u00e1s para la creaci\u00f3n de un nuevo modelo energ\u00e9tico<\/h2>\n\n\n\n<p>Las principales medidas son la creaci\u00f3n de la Oficina de Transformaci\u00f3n Comunitaria para la promoci\u00f3n y dinamizaci\u00f3n de comunidades energ\u00e9ticas, as\u00ed como la elaboraci\u00f3n de un Plan de Sostenibilidad Energ\u00e9tica, Medioambiental y Social, que contribuya a conseguir los objetivos fijados de disminuci\u00f3n de contaminantes y favorecer el consumo de energ\u00edas renovables.<\/p>\n\n\n\n<p>El presidente de Arag\u00f3n, Javier Lamb\u00e1n, destac\u00f3 en su intervenci\u00f3n que \u00abnosotros&nbsp;nos podemos acercar a la soberan\u00eda energ\u00e9tica y alcanzarla pronto&nbsp;porque producimos m\u00e1s energ\u00eda renovable de la que consumimos. Podemos convertir la existencia de energ\u00eda en un factor de atracci\u00f3n de empresas, de inversiones&nbsp;y, sobre todo, de abaratamiento del consumo dom\u00e9stico\u00bb. Tambi\u00e9n explic\u00f3 que el futuro energ\u00e9tico de la comunidad es algo que&nbsp;\u00abtrasciende al Gobierno y afecta a toda la sociedad aragonesa\u00bb.<\/p>\n\n\n\n<p>Lamb\u00e1n indic\u00f3 que es necesario impulsar&nbsp;todas estas iniciativas para convertir a los municipios de Arag\u00f3n en \u00abtierra de oportunidades energ\u00e9ticas\u00bb&nbsp;y como principal palanca de desarrollo en estas actividades de futuro y prosperidad.<\/p>\n\n\n\n<p>Con la firma de este protocolo de colaboraci\u00f3n, el Gobierno de Arag\u00f3n da un paso m\u00e1s en la creaci\u00f3n de un nuevo modelo energ\u00e9tico y pretende contribuir a lograr los compromisos de la Uni\u00f3n Europea en el marco del Pacto Verde Europeo.<\/p>\n","protected":false},"excerpt":{"rendered":"<p>El Gobierno de Arag\u00f3n ha suscrito un\u00a0protocolo de colaboraci\u00f3n para impulsar las comunidades energ\u00e9ticas de autoconsumo en su territorio. En \u00e9l participan los representantes territoriales de la comunidad aut\u00f3noma, las diputaciones provinciales y los municipios, el mundo empresarial y el Cl\u00faster de la Energ\u00eda de Arag\u00f3n. Este convenio pretende ayudar a los municipios de Arag\u00f3n &hellip;<\/p>\n<p class=\"read-more\"> <a class=\"\" href=\"https:\/\/www.atalaya.eu\/actualidad\/noticias\/el-gobierno-de-aragon-se-compromete-a-promover-las-comunidades-energeticas-de-autoconsumo\/\"> <span class=\"screen-reader-text\">El Gobierno de Arag\u00f3n se compromete a promover las comunidades energ\u00e9ticas de autoconsumo<\/span> Leer m\u00e1s &raquo;<\/a><\/p>\n","protected":false},"author":1,"featured_media":794,"comment_status":"closed","ping_status":"open","sticky":false,"template":"","format":"standard","meta":{"inline_featured_image":false,"site-sidebar-layout":"default","site-content-layout":"default","ast-main-header-display":"","ast-hfb-above-header-display":"","ast-hfb-below-header-display":"","ast-hfb-mobile-header-display":"","site-post-title":"","ast-breadcrumbs-content":"","ast-featured-img":"","footer-sml-layout":"","theme-transparent-header-meta":"","adv-header-id-meta":"","stick-header-meta":"","header-above-stick-meta":"","header-main-stick-meta":"","header-below-stick-meta":"","footnotes":""},"categories":[4],"tags":[29,26,22,30],"class_list":["post-793","post","type-post","status-publish","format-standard","has-post-thumbnail","hentry","category-noticias","tag-aragon","tag-cluster-de-energia-de-aragon","tag-comunidades-energeticas","tag-energias-renovables"],"yoast_head":"<!-- This site is optimized with the Yoast SEO plugin v18.5.1 - https:\/\/yoast.com\/wordpress\/plugins\/seo\/ -->\n<title>El Gobierno de Arag\u00f3n se compromete a promover las comunidades energ\u00e9ticas de autoconsumo - ATALAYA Generaci\u00f3n E\u00f3lica<\/title>\n<meta name=\"description\" content=\"El Gobierno de Arag\u00f3n ha suscrito un\u00a0protocolo de colaboraci\u00f3n para impulsar las comunidades energ\u00e9ticas de autoconsumo en su territorio\" \/>\n<meta name=\"robots\" content=\"index, follow, max-snippet:-1, max-image-preview:large, max-video-preview:-1\" \/>\n<link rel=\"canonical\" href=\"https:\/\/www.atalaya.eu\/actualidad\/noticias\/el-gobierno-de-aragon-se-compromete-a-promover-las-comunidades-energeticas-de-autoconsumo\/\" \/>\n<meta property=\"og:locale\" content=\"es_ES\" \/>\n<meta property=\"og:type\" content=\"article\" \/>\n<meta property=\"og:title\" content=\"El Gobierno de Arag\u00f3n se compromete a promover las comunidades energ\u00e9ticas de autoconsumo - ATALAYA Generaci\u00f3n E\u00f3lica\" \/>\n<meta property=\"og:description\" content=\"El Gobierno de Arag\u00f3n ha suscrito un\u00a0protocolo de colaboraci\u00f3n para impulsar las comunidades energ\u00e9ticas de autoconsumo en su territorio\" \/>\n<meta property=\"og:url\" content=\"https:\/\/www.atalaya.eu\/actualidad\/noticias\/el-gobierno-de-aragon-se-compromete-a-promover-las-comunidades-energeticas-de-autoconsumo\/\" \/>\n<meta property=\"og:site_name\" content=\"ATALAYA Generaci\u00f3n E\u00f3lica\" \/>\n<meta property=\"article:published_time\" content=\"2022-08-01T11:26:59+00:00\" \/>\n<meta property=\"article:modified_time\" content=\"2022-08-01T11:27:01+00:00\" \/>\n<meta property=\"og:image\" content=\"https:\/\/www.atalaya.eu\/actualidad\/wp-content\/uploads\/2022\/08\/comunidades-energeticas-en-Aragon.jpg\" \/>\n\t<meta property=\"og:image:width\" content=\"2294\" \/>\n\t<meta property=\"og:image:height\" content=\"1063\" \/>\n\t<meta property=\"og:image:type\" content=\"image\/jpeg\" \/>\n<meta name=\"twitter:card\" content=\"summary_large_image\" \/>\n<meta name=\"twitter:label1\" content=\"Escrito por\" \/>\n\t<meta name=\"twitter:data1\" content=\"Atalaya\" \/>\n\t<meta name=\"twitter:label2\" content=\"Tiempo de lectura\" \/>\n\t<meta name=\"twitter:data2\" content=\"2 minutos\" \/>\n<script type=\"application\/ld+json\" class=\"yoast-schema-graph\">{\"@context\":\"https:\/\/schema.org\",\"@graph\":[{\"@type\":\"WebSite\",\"@id\":\"https:\/\/www.atalaya.eu\/actualidad\/#website\",\"url\":\"https:\/\/www.atalaya.eu\/actualidad\/\",\"name\":\"ATALAYA Generaci\u00f3n E\u00f3lica\",\"description\":\"ATALAYA Generaci\u00f3n E\u00f3lica\",\"potentialAction\":[{\"@type\":\"SearchAction\",\"target\":{\"@type\":\"EntryPoint\",\"urlTemplate\":\"https:\/\/www.atalaya.eu\/actualidad\/?s={search_term_string}\"},\"query-input\":\"required name=search_term_string\"}],\"inLanguage\":\"es\"},{\"@type\":\"ImageObject\",\"@id\":\"https:\/\/www.atalaya.eu\/actualidad\/noticias\/el-gobierno-de-aragon-se-compromete-a-promover-las-comunidades-energeticas-de-autoconsumo\/#primaryimage\",\"inLanguage\":\"es\",\"url\":\"https:\/\/www.atalaya.eu\/actualidad\/wp-content\/uploads\/2022\/08\/comunidades-energeticas-en-Aragon.jpg\",\"contentUrl\":\"https:\/\/www.atalaya.eu\/actualidad\/wp-content\/uploads\/2022\/08\/comunidades-energeticas-en-Aragon.jpg\",\"width\":2294,\"height\":1063,\"caption\":\"comunidades energ\u00e9ticas en Arag\u00f3n\"},{\"@type\":\"WebPage\",\"@id\":\"https:\/\/www.atalaya.eu\/actualidad\/noticias\/el-gobierno-de-aragon-se-compromete-a-promover-las-comunidades-energeticas-de-autoconsumo\/#webpage\",\"url\":\"https:\/\/www.atalaya.eu\/actualidad\/noticias\/el-gobierno-de-aragon-se-compromete-a-promover-las-comunidades-energeticas-de-autoconsumo\/\",\"name\":\"El Gobierno de Arag\u00f3n se compromete a promover las comunidades energ\u00e9ticas de autoconsumo - ATALAYA Generaci\u00f3n E\u00f3lica\",\"isPartOf\":{\"@id\":\"https:\/\/www.atalaya.eu\/actualidad\/#website\"},\"primaryImageOfPage\":{\"@id\":\"https:\/\/www.atalaya.eu\/actualidad\/noticias\/el-gobierno-de-aragon-se-compromete-a-promover-las-comunidades-energeticas-de-autoconsumo\/#primaryimage\"},\"datePublished\":\"2022-08-01T11:26:59+00:00\",\"dateModified\":\"2022-08-01T11:27:01+00:00\",\"author\":{\"@id\":\"https:\/\/www.atalaya.eu\/actualidad\/#\/schema\/person\/c87c3875b91eae1047695e51cd11baad\"},\"description\":\"El Gobierno de Arag\u00f3n ha suscrito un\u00a0protocolo de colaboraci\u00f3n para impulsar las comunidades energ\u00e9ticas de autoconsumo en su territorio\",\"breadcrumb\":{\"@id\":\"https:\/\/www.atalaya.eu\/actualidad\/noticias\/el-gobierno-de-aragon-se-compromete-a-promover-las-comunidades-energeticas-de-autoconsumo\/#breadcrumb\"},\"inLanguage\":\"es\",\"potentialAction\":[{\"@type\":\"ReadAction\",\"target\":[\"https:\/\/www.atalaya.eu\/actualidad\/noticias\/el-gobierno-de-aragon-se-compromete-a-promover-las-comunidades-energeticas-de-autoconsumo\/\"]}]},{\"@type\":\"BreadcrumbList\",\"@id\":\"https:\/\/www.atalaya.eu\/actualidad\/noticias\/el-gobierno-de-aragon-se-compromete-a-promover-las-comunidades-energeticas-de-autoconsumo\/#breadcrumb\",\"itemListElement\":[{\"@type\":\"ListItem\",\"position\":1,\"name\":\"Portada\",\"item\":\"https:\/\/www.atalaya.eu\/actualidad\/\"},{\"@type\":\"ListItem\",\"position\":2,\"name\":\"El Gobierno de Arag\u00f3n se compromete a promover las comunidades energ\u00e9ticas de autoconsumo\"}]},{\"@type\":\"Person\",\"@id\":\"https:\/\/www.atalaya.eu\/actualidad\/#\/schema\/person\/c87c3875b91eae1047695e51cd11baad\",\"name\":\"Atalaya\",\"image\":{\"@type\":\"ImageObject\",\"@id\":\"https:\/\/www.atalaya.eu\/actualidad\/#personlogo\",\"inLanguage\":\"es\",\"url\":\"https:\/\/secure.gravatar.com\/avatar\/18613b53f3c2184b9d259778e24af0716c0793eb64bfb578efa5511ec51936ba?s=96&d=mm&r=g\",\"contentUrl\":\"https:\/\/secure.gravatar.com\/avatar\/18613b53f3c2184b9d259778e24af0716c0793eb64bfb578efa5511ec51936ba?s=96&d=mm&r=g\",\"caption\":\"Atalaya\"},\"sameAs\":[\"https:\/\/www.atalaya.eu\/actualidad\"],\"url\":\"https:\/\/www.atalaya.eu\/actualidad\/author\/atalaya\/\"}]}<\/script>\n<!-- \/ Yoast SEO plugin. -->","yoast_head_json":{"title":"El Gobierno de Arag\u00f3n se compromete a promover las comunidades energ\u00e9ticas de autoconsumo - ATALAYA Generaci\u00f3n E\u00f3lica","description":"El Gobierno de Arag\u00f3n ha suscrito un\u00a0protocolo de colaboraci\u00f3n para impulsar las comunidades energ\u00e9ticas de autoconsumo en su territorio","robots":{"index":"index","follow":"follow","max-snippet":"max-snippet:-1","max-image-preview":"max-image-preview:large","max-video-preview":"max-video-preview:-1"},"canonical":"https:\/\/www.atalaya.eu\/actualidad\/noticias\/el-gobierno-de-aragon-se-compromete-a-promover-las-comunidades-energeticas-de-autoconsumo\/","og_locale":"es_ES","og_type":"article","og_title":"El Gobierno de Arag\u00f3n se compromete a promover las comunidades energ\u00e9ticas de autoconsumo - ATALAYA Generaci\u00f3n E\u00f3lica","og_description":"El Gobierno de Arag\u00f3n ha suscrito un\u00a0protocolo de colaboraci\u00f3n para impulsar las comunidades energ\u00e9ticas de autoconsumo en su territorio","og_url":"https:\/\/www.atalaya.eu\/actualidad\/noticias\/el-gobierno-de-aragon-se-compromete-a-promover-las-comunidades-energeticas-de-autoconsumo\/","og_site_name":"ATALAYA Generaci\u00f3n E\u00f3lica","article_published_time":"2022-08-01T11:26:59+00:00","article_modified_time":"2022-08-01T11:27:01+00:00","og_image":[{"width":2294,"height":1063,"url":"https:\/\/www.atalaya.eu\/actualidad\/wp-content\/uploads\/2022\/08\/comunidades-energeticas-en-Aragon.jpg","type":"image\/jpeg"}],"twitter_card":"summary_large_image","twitter_misc":{"Escrito por":"Atalaya","Tiempo de lectura":"2 minutos"},"schema":{"@context":"https:\/\/schema.org","@graph":[{"@type":"WebSite","@id":"https:\/\/www.atalaya.eu\/actualidad\/#website","url":"https:\/\/www.atalaya.eu\/actualidad\/","name":"ATALAYA Generaci\u00f3n E\u00f3lica","description":"ATALAYA Generaci\u00f3n E\u00f3lica","potentialAction":[{"@type":"SearchAction","target":{"@type":"EntryPoint","urlTemplate":"https:\/\/www.atalaya.eu\/actualidad\/?s={search_term_string}"},"query-input":"required name=search_term_string"}],"inLanguage":"es"},{"@type":"ImageObject","@id":"https:\/\/www.atalaya.eu\/actualidad\/noticias\/el-gobierno-de-aragon-se-compromete-a-promover-las-comunidades-energeticas-de-autoconsumo\/#primaryimage","inLanguage":"es","url":"https:\/\/www.atalaya.eu\/actualidad\/wp-content\/uploads\/2022\/08\/comunidades-energeticas-en-Aragon.jpg","contentUrl":"https:\/\/www.atalaya.eu\/actualidad\/wp-content\/uploads\/2022\/08\/comunidades-energeticas-en-Aragon.jpg","width":2294,"height":1063,"caption":"comunidades energ\u00e9ticas en Arag\u00f3n"},{"@type":"WebPage","@id":"https:\/\/www.atalaya.eu\/actualidad\/noticias\/el-gobierno-de-aragon-se-compromete-a-promover-las-comunidades-energeticas-de-autoconsumo\/#webpage","url":"https:\/\/www.atalaya.eu\/actualidad\/noticias\/el-gobierno-de-aragon-se-compromete-a-promover-las-comunidades-energeticas-de-autoconsumo\/","name":"El Gobierno de Arag\u00f3n se compromete a promover las comunidades energ\u00e9ticas de autoconsumo - ATALAYA Generaci\u00f3n E\u00f3lica","isPartOf":{"@id":"https:\/\/www.atalaya.eu\/actualidad\/#website"},"primaryImageOfPage":{"@id":"https:\/\/www.atalaya.eu\/actualidad\/noticias\/el-gobierno-de-aragon-se-compromete-a-promover-las-comunidades-energeticas-de-autoconsumo\/#primaryimage"},"datePublished":"2022-08-01T11:26:59+00:00","dateModified":"2022-08-01T11:27:01+00:00","author":{"@id":"https:\/\/www.atalaya.eu\/actualidad\/#\/schema\/person\/c87c3875b91eae1047695e51cd11baad"},"description":"El Gobierno de Arag\u00f3n ha suscrito un\u00a0protocolo de colaboraci\u00f3n para impulsar las comunidades energ\u00e9ticas de autoconsumo en su territorio","breadcrumb":{"@id":"https:\/\/www.atalaya.eu\/actualidad\/noticias\/el-gobierno-de-aragon-se-compromete-a-promover-las-comunidades-energeticas-de-autoconsumo\/#breadcrumb"},"inLanguage":"es","potentialAction":[{"@type":"ReadAction","target":["https:\/\/www.atalaya.eu\/actualidad\/noticias\/el-gobierno-de-aragon-se-compromete-a-promover-las-comunidades-energeticas-de-autoconsumo\/"]}]},{"@type":"BreadcrumbList","@id":"https:\/\/www.atalaya.eu\/actualidad\/noticias\/el-gobierno-de-aragon-se-compromete-a-promover-las-comunidades-energeticas-de-autoconsumo\/#breadcrumb","itemListElement":[{"@type":"ListItem","position":1,"name":"Portada","item":"https:\/\/www.atalaya.eu\/actualidad\/"},{"@type":"ListItem","position":2,"name":"El Gobierno de Arag\u00f3n se compromete a promover las comunidades energ\u00e9ticas de autoconsumo"}]},{"@type":"Person","@id":"https:\/\/www.atalaya.eu\/actualidad\/#\/schema\/person\/c87c3875b91eae1047695e51cd11baad","name":"Atalaya","image":{"@type":"ImageObject","@id":"https:\/\/www.atalaya.eu\/actualidad\/#personlogo","inLanguage":"es","url":"https:\/\/secure.gravatar.com\/avatar\/18613b53f3c2184b9d259778e24af0716c0793eb64bfb578efa5511ec51936ba?s=96&d=mm&r=g","contentUrl":"https:\/\/secure.gravatar.com\/avatar\/18613b53f3c2184b9d259778e24af0716c0793eb64bfb578efa5511ec51936ba?s=96&d=mm&r=g","caption":"Atalaya"},"sameAs":["https:\/\/www.atalaya.eu\/actualidad"],"url":"https:\/\/www.atalaya.eu\/actualidad\/author\/atalaya\/"}]}},"_links":{"self":[{"href":"https:\/\/www.atalaya.eu\/actualidad\/wp-json\/wp\/v2\/posts\/793","targetHints":{"allow":["GET"]}}],"collection":[{"href":"https:\/\/www.atalaya.eu\/actualidad\/wp-json\/wp\/v2\/posts"}],"about":[{"href":"https:\/\/www.atalaya.eu\/actualidad\/wp-json\/wp\/v2\/types\/post"}],"author":[{"embeddable":true,"href":"https:\/\/www.atalaya.eu\/actualidad\/wp-json\/wp\/v2\/users\/1"}],"replies":[{"embeddable":true,"href":"https:\/\/www.atalaya.eu\/actualidad\/wp-json\/wp\/v2\/comments?post=793"}],"version-history":[{"count":2,"href":"https:\/\/www.atalaya.eu\/actualidad\/wp-json\/wp\/v2\/posts\/793\/revisions"}],"predecessor-version":[{"id":796,"href":"https:\/\/www.atalaya.eu\/actualidad\/wp-json\/wp\/v2\/posts\/793\/revisions\/796"}],"wp:featuredmedia":[{"embeddable":true,"href":"https:\/\/www.atalaya.eu\/actualidad\/wp-json\/wp\/v2\/media\/794"}],"wp:attachment":[{"href":"https:\/\/www.atalaya.eu\/actualidad\/wp-json\/wp\/v2\/media?parent=793"}],"wp:term":[{"taxonomy":"category","embeddable":true,"href":"https:\/\/www.atalaya.eu\/actualidad\/wp-json\/wp\/v2\/categories?post=793"},{"taxonomy":"post_tag","embeddable":true,"href":"https:\/\/www.atalaya.eu\/actualidad\/wp-json\/wp\/v2\/tags?post=793"}],"curies":[{"name":"wp","href":"https:\/\/api.w.org\/{rel}","templated":true}]}}