{"id":807,"date":"2022-09-19T09:25:49","date_gmt":"2022-09-19T09:25:49","guid":{"rendered":"https:\/\/www.atalaya.eu\/actualidad\/?p=807"},"modified":"2022-09-19T09:45:57","modified_gmt":"2022-09-19T09:45:57","slug":"pedro-machin-en-aragon-radio-la-energia-bajara-conforme-apostemos-por-las-renovables","status":"publish","type":"post","link":"https:\/\/www.atalaya.eu\/actualidad\/noticias\/pedro-machin-en-aragon-radio-la-energia-bajara-conforme-apostemos-por-las-renovables\/","title":{"rendered":"Pedro Mach\u00edn en Arag\u00f3n Radio: \u00abLa energ\u00eda bajar\u00e1 conforme apostemos por las renovables\u00bb"},"content":{"rendered":"\n<figure class=\"wp-block-image size-full is-resized\"><img loading=\"lazy\" decoding=\"async\" src=\"https:\/\/www.atalaya.eu\/actualidad\/wp-content\/uploads\/2022\/09\/Pedro-Machin-en-Aragon-Radio.jpg\" alt=\"\" class=\"wp-image-808\" width=\"612\" height=\"491\"\/><\/figure>\n\n\n\n<p>El director general y socio fundador de Atalaya Generaci\u00f3n,&nbsp; y tambi\u00e9n gerente del Cl\u00faster de la Energ\u00eda en Arag\u00f3n,&nbsp;Pedro Mach\u00edn, ha intervenido en el programa Despierta Arag\u00f3n de Arag\u00f3n Radio. Durante su intervenci\u00f3n, Mach\u00edn ha insistido en la necesidad de apostar por las energ\u00edas renovables y por los sistemas de almacenamiento hidroel\u00e9ctrico para estabilizar los precios de la energ\u00eda. <\/p>\n\n\n\n<p>Puedes escuchar la entrevista completa:<\/p>\n\n\n\n<div class=\"wp-block-buttons is-layout-flex wp-block-buttons-is-layout-flex\">\n<div class=\"wp-block-button\"><a class=\"wp-block-button__link\" href=\"https:\/\/www.cartv.es\/aragonnoticias\/noticias\/pedro-machin-gerente-del-cluster-de-energia-el-precio-de-energia-bajara-conforme-apostemos-por-las-renovables-13099\">Arag\u00f3n Radio- Entrevista a Pedro Mach\u00edn<\/a><\/div>\n<\/div>\n","protected":false},"excerpt":{"rendered":"<p>El director general y socio fundador de Atalaya Generaci\u00f3n,&nbsp; y tambi\u00e9n gerente del Cl\u00faster de la Energ\u00eda en Arag\u00f3n,&nbsp;Pedro Mach\u00edn, ha intervenido en el programa Despierta Arag\u00f3n de Arag\u00f3n Radio. Durante su intervenci\u00f3n, Mach\u00edn ha insistido en la necesidad de apostar por las energ\u00edas renovables y por los sistemas de almacenamiento hidroel\u00e9ctrico para estabilizar los &hellip;<\/p>\n<p class=\"read-more\"> <a class=\"\" href=\"https:\/\/www.atalaya.eu\/actualidad\/noticias\/pedro-machin-en-aragon-radio-la-energia-bajara-conforme-apostemos-por-las-renovables\/\"> <span class=\"screen-reader-text\">Pedro Mach\u00edn en Arag\u00f3n Radio: \u00abLa energ\u00eda bajar\u00e1 conforme apostemos por las renovables\u00bb<\/span> Leer m\u00e1s &raquo;<\/a><\/p>\n","protected":false},"author":1,"featured_media":808,"comment_status":"closed","ping_status":"open","sticky":false,"template":"","format":"standard","meta":{"inline_featured_image":false,"site-sidebar-layout":"default","site-content-layout":"default","ast-main-header-display":"","ast-hfb-above-header-display":"","ast-hfb-below-header-display":"","ast-hfb-mobile-header-display":"","site-post-title":"","ast-breadcrumbs-content":"","ast-featured-img":"","footer-sml-layout":"","theme-transparent-header-meta":"","adv-header-id-meta":"","stick-header-meta":"","header-above-stick-meta":"","header-main-stick-meta":"","header-below-stick-meta":"","footnotes":""},"categories":[4],"tags":[10,16,13,17,12,26,27,23,11],"class_list":["post-807","post","type-post","status-publish","format-standard","has-post-thumbnail","hentry","category-noticias","tag-bombeo-reversible","tag-central-de-bombeo-reversible","tag-central-hidraulica","tag-central-hidroelectrica","tag-central-hidroelectrica-reversible","tag-cluster-de-energia-de-aragon","tag-energia","tag-energia-verde","tag-gran-bateria"],"yoast_head":"<!-- This site is optimized with the Yoast SEO plugin v18.5.1 - https:\/\/yoast.com\/wordpress\/plugins\/seo\/ -->\n<title>Pedro Mach\u00edn en Arag\u00f3n Radio: &quot;La energ\u00eda bajar\u00e1 conforme apostemos por las renovables&quot; - ATALAYA Generaci\u00f3n E\u00f3lica<\/title>\n<meta name=\"robots\" content=\"index, follow, max-snippet:-1, max-image-preview:large, max-video-preview:-1\" \/>\n<link rel=\"canonical\" href=\"https:\/\/www.atalaya.eu\/actualidad\/noticias\/pedro-machin-en-aragon-radio-la-energia-bajara-conforme-apostemos-por-las-renovables\/\" \/>\n<meta property=\"og:locale\" content=\"es_ES\" \/>\n<meta property=\"og:type\" content=\"article\" \/>\n<meta property=\"og:title\" content=\"Pedro Mach\u00edn en Arag\u00f3n Radio: &quot;La energ\u00eda bajar\u00e1 conforme apostemos por las renovables&quot; - ATALAYA Generaci\u00f3n E\u00f3lica\" \/>\n<meta property=\"og:description\" content=\"El director general y socio fundador de Atalaya Generaci\u00f3n,&nbsp; y tambi\u00e9n gerente del Cl\u00faster de la Energ\u00eda en Arag\u00f3n,&nbsp;Pedro Mach\u00edn, ha intervenido en el programa Despierta Arag\u00f3n de Arag\u00f3n Radio. Durante su intervenci\u00f3n, Mach\u00edn ha insistido en la necesidad de apostar por las energ\u00edas renovables y por los sistemas de almacenamiento hidroel\u00e9ctrico para estabilizar los &hellip; Pedro Mach\u00edn en Arag\u00f3n Radio: \u00abLa energ\u00eda bajar\u00e1 conforme apostemos por las renovables\u00bb Leer m\u00e1s &raquo;\" \/>\n<meta property=\"og:url\" content=\"https:\/\/www.atalaya.eu\/actualidad\/noticias\/pedro-machin-en-aragon-radio-la-energia-bajara-conforme-apostemos-por-las-renovables\/\" \/>\n<meta property=\"og:site_name\" content=\"ATALAYA Generaci\u00f3n E\u00f3lica\" \/>\n<meta property=\"article:published_time\" content=\"2022-09-19T09:25:49+00:00\" \/>\n<meta property=\"article:modified_time\" content=\"2022-09-19T09:45:57+00:00\" \/>\n<meta property=\"og:image\" content=\"https:\/\/www.atalaya.eu\/actualidad\/wp-content\/uploads\/2022\/09\/Pedro-Machin-en-Aragon-Radio.jpg\" \/>\n\t<meta property=\"og:image:width\" content=\"933\" \/>\n\t<meta property=\"og:image:height\" content=\"750\" \/>\n\t<meta property=\"og:image:type\" content=\"image\/jpeg\" \/>\n<meta name=\"twitter:card\" content=\"summary_large_image\" \/>\n<meta name=\"twitter:label1\" content=\"Escrito por\" \/>\n\t<meta name=\"twitter:data1\" content=\"Atalaya\" \/>\n\t<meta name=\"twitter:label2\" content=\"Tiempo de lectura\" \/>\n\t<meta name=\"twitter:data2\" content=\"1 minuto\" \/>\n<script type=\"application\/ld+json\" class=\"yoast-schema-graph\">{\"@context\":\"https:\/\/schema.org\",\"@graph\":[{\"@type\":\"WebSite\",\"@id\":\"https:\/\/www.atalaya.eu\/actualidad\/#website\",\"url\":\"https:\/\/www.atalaya.eu\/actualidad\/\",\"name\":\"ATALAYA Generaci\u00f3n E\u00f3lica\",\"description\":\"ATALAYA Generaci\u00f3n E\u00f3lica\",\"potentialAction\":[{\"@type\":\"SearchAction\",\"target\":{\"@type\":\"EntryPoint\",\"urlTemplate\":\"https:\/\/www.atalaya.eu\/actualidad\/?s={search_term_string}\"},\"query-input\":\"required name=search_term_string\"}],\"inLanguage\":\"es\"},{\"@type\":\"ImageObject\",\"@id\":\"https:\/\/www.atalaya.eu\/actualidad\/noticias\/pedro-machin-en-aragon-radio-la-energia-bajara-conforme-apostemos-por-las-renovables\/#primaryimage\",\"inLanguage\":\"es\",\"url\":\"https:\/\/www.atalaya.eu\/actualidad\/wp-content\/uploads\/2022\/09\/Pedro-Machin-en-Aragon-Radio.jpg\",\"contentUrl\":\"https:\/\/www.atalaya.eu\/actualidad\/wp-content\/uploads\/2022\/09\/Pedro-Machin-en-Aragon-Radio.jpg\",\"width\":933,\"height\":750,\"caption\":\"Pedro Mach\u00edn en Arag\u00f3n Radio\"},{\"@type\":\"WebPage\",\"@id\":\"https:\/\/www.atalaya.eu\/actualidad\/noticias\/pedro-machin-en-aragon-radio-la-energia-bajara-conforme-apostemos-por-las-renovables\/#webpage\",\"url\":\"https:\/\/www.atalaya.eu\/actualidad\/noticias\/pedro-machin-en-aragon-radio-la-energia-bajara-conforme-apostemos-por-las-renovables\/\",\"name\":\"Pedro Mach\u00edn en Arag\u00f3n Radio: \\\"La energ\u00eda bajar\u00e1 conforme apostemos por las renovables\\\" - ATALAYA Generaci\u00f3n E\u00f3lica\",\"isPartOf\":{\"@id\":\"https:\/\/www.atalaya.eu\/actualidad\/#website\"},\"primaryImageOfPage\":{\"@id\":\"https:\/\/www.atalaya.eu\/actualidad\/noticias\/pedro-machin-en-aragon-radio-la-energia-bajara-conforme-apostemos-por-las-renovables\/#primaryimage\"},\"datePublished\":\"2022-09-19T09:25:49+00:00\",\"dateModified\":\"2022-09-19T09:45:57+00:00\",\"author\":{\"@id\":\"https:\/\/www.atalaya.eu\/actualidad\/#\/schema\/person\/c87c3875b91eae1047695e51cd11baad\"},\"breadcrumb\":{\"@id\":\"https:\/\/www.atalaya.eu\/actualidad\/noticias\/pedro-machin-en-aragon-radio-la-energia-bajara-conforme-apostemos-por-las-renovables\/#breadcrumb\"},\"inLanguage\":\"es\",\"potentialAction\":[{\"@type\":\"ReadAction\",\"target\":[\"https:\/\/www.atalaya.eu\/actualidad\/noticias\/pedro-machin-en-aragon-radio-la-energia-bajara-conforme-apostemos-por-las-renovables\/\"]}]},{\"@type\":\"BreadcrumbList\",\"@id\":\"https:\/\/www.atalaya.eu\/actualidad\/noticias\/pedro-machin-en-aragon-radio-la-energia-bajara-conforme-apostemos-por-las-renovables\/#breadcrumb\",\"itemListElement\":[{\"@type\":\"ListItem\",\"position\":1,\"name\":\"Portada\",\"item\":\"https:\/\/www.atalaya.eu\/actualidad\/\"},{\"@type\":\"ListItem\",\"position\":2,\"name\":\"Pedro Mach\u00edn en Arag\u00f3n Radio: \u00abLa energ\u00eda bajar\u00e1 conforme apostemos por las renovables\u00bb\"}]},{\"@type\":\"Person\",\"@id\":\"https:\/\/www.atalaya.eu\/actualidad\/#\/schema\/person\/c87c3875b91eae1047695e51cd11baad\",\"name\":\"Atalaya\",\"image\":{\"@type\":\"ImageObject\",\"@id\":\"https:\/\/www.atalaya.eu\/actualidad\/#personlogo\",\"inLanguage\":\"es\",\"url\":\"https:\/\/secure.gravatar.com\/avatar\/18613b53f3c2184b9d259778e24af0716c0793eb64bfb578efa5511ec51936ba?s=96&d=mm&r=g\",\"contentUrl\":\"https:\/\/secure.gravatar.com\/avatar\/18613b53f3c2184b9d259778e24af0716c0793eb64bfb578efa5511ec51936ba?s=96&d=mm&r=g\",\"caption\":\"Atalaya\"},\"sameAs\":[\"https:\/\/www.atalaya.eu\/actualidad\"],\"url\":\"https:\/\/www.atalaya.eu\/actualidad\/author\/atalaya\/\"}]}<\/script>\n<!-- \/ Yoast SEO plugin. -->","yoast_head_json":{"title":"Pedro Mach\u00edn en Arag\u00f3n Radio: \"La energ\u00eda bajar\u00e1 conforme apostemos por las renovables\" - ATALAYA Generaci\u00f3n E\u00f3lica","robots":{"index":"index","follow":"follow","max-snippet":"max-snippet:-1","max-image-preview":"max-image-preview:large","max-video-preview":"max-video-preview:-1"},"canonical":"https:\/\/www.atalaya.eu\/actualidad\/noticias\/pedro-machin-en-aragon-radio-la-energia-bajara-conforme-apostemos-por-las-renovables\/","og_locale":"es_ES","og_type":"article","og_title":"Pedro Mach\u00edn en Arag\u00f3n Radio: \"La energ\u00eda bajar\u00e1 conforme apostemos por las renovables\" - ATALAYA Generaci\u00f3n E\u00f3lica","og_description":"El director general y socio fundador de Atalaya Generaci\u00f3n,&nbsp; y tambi\u00e9n gerente del Cl\u00faster de la Energ\u00eda en Arag\u00f3n,&nbsp;Pedro Mach\u00edn, ha intervenido en el programa Despierta Arag\u00f3n de Arag\u00f3n Radio. Durante su intervenci\u00f3n, Mach\u00edn ha insistido en la necesidad de apostar por las energ\u00edas renovables y por los sistemas de almacenamiento hidroel\u00e9ctrico para estabilizar los &hellip; Pedro Mach\u00edn en Arag\u00f3n Radio: \u00abLa energ\u00eda bajar\u00e1 conforme apostemos por las renovables\u00bb Leer m\u00e1s &raquo;","og_url":"https:\/\/www.atalaya.eu\/actualidad\/noticias\/pedro-machin-en-aragon-radio-la-energia-bajara-conforme-apostemos-por-las-renovables\/","og_site_name":"ATALAYA Generaci\u00f3n E\u00f3lica","article_published_time":"2022-09-19T09:25:49+00:00","article_modified_time":"2022-09-19T09:45:57+00:00","og_image":[{"width":933,"height":750,"url":"https:\/\/www.atalaya.eu\/actualidad\/wp-content\/uploads\/2022\/09\/Pedro-Machin-en-Aragon-Radio.jpg","type":"image\/jpeg"}],"twitter_card":"summary_large_image","twitter_misc":{"Escrito por":"Atalaya","Tiempo de lectura":"1 minuto"},"schema":{"@context":"https:\/\/schema.org","@graph":[{"@type":"WebSite","@id":"https:\/\/www.atalaya.eu\/actualidad\/#website","url":"https:\/\/www.atalaya.eu\/actualidad\/","name":"ATALAYA Generaci\u00f3n E\u00f3lica","description":"ATALAYA Generaci\u00f3n E\u00f3lica","potentialAction":[{"@type":"SearchAction","target":{"@type":"EntryPoint","urlTemplate":"https:\/\/www.atalaya.eu\/actualidad\/?s={search_term_string}"},"query-input":"required name=search_term_string"}],"inLanguage":"es"},{"@type":"ImageObject","@id":"https:\/\/www.atalaya.eu\/actualidad\/noticias\/pedro-machin-en-aragon-radio-la-energia-bajara-conforme-apostemos-por-las-renovables\/#primaryimage","inLanguage":"es","url":"https:\/\/www.atalaya.eu\/actualidad\/wp-content\/uploads\/2022\/09\/Pedro-Machin-en-Aragon-Radio.jpg","contentUrl":"https:\/\/www.atalaya.eu\/actualidad\/wp-content\/uploads\/2022\/09\/Pedro-Machin-en-Aragon-Radio.jpg","width":933,"height":750,"caption":"Pedro Mach\u00edn en Arag\u00f3n Radio"},{"@type":"WebPage","@id":"https:\/\/www.atalaya.eu\/actualidad\/noticias\/pedro-machin-en-aragon-radio-la-energia-bajara-conforme-apostemos-por-las-renovables\/#webpage","url":"https:\/\/www.atalaya.eu\/actualidad\/noticias\/pedro-machin-en-aragon-radio-la-energia-bajara-conforme-apostemos-por-las-renovables\/","name":"Pedro Mach\u00edn en Arag\u00f3n Radio: \"La energ\u00eda bajar\u00e1 conforme apostemos por las renovables\" - ATALAYA Generaci\u00f3n E\u00f3lica","isPartOf":{"@id":"https:\/\/www.atalaya.eu\/actualidad\/#website"},"primaryImageOfPage":{"@id":"https:\/\/www.atalaya.eu\/actualidad\/noticias\/pedro-machin-en-aragon-radio-la-energia-bajara-conforme-apostemos-por-las-renovables\/#primaryimage"},"datePublished":"2022-09-19T09:25:49+00:00","dateModified":"2022-09-19T09:45:57+00:00","author":{"@id":"https:\/\/www.atalaya.eu\/actualidad\/#\/schema\/person\/c87c3875b91eae1047695e51cd11baad"},"breadcrumb":{"@id":"https:\/\/www.atalaya.eu\/actualidad\/noticias\/pedro-machin-en-aragon-radio-la-energia-bajara-conforme-apostemos-por-las-renovables\/#breadcrumb"},"inLanguage":"es","potentialAction":[{"@type":"ReadAction","target":["https:\/\/www.atalaya.eu\/actualidad\/noticias\/pedro-machin-en-aragon-radio-la-energia-bajara-conforme-apostemos-por-las-renovables\/"]}]},{"@type":"BreadcrumbList","@id":"https:\/\/www.atalaya.eu\/actualidad\/noticias\/pedro-machin-en-aragon-radio-la-energia-bajara-conforme-apostemos-por-las-renovables\/#breadcrumb","itemListElement":[{"@type":"ListItem","position":1,"name":"Portada","item":"https:\/\/www.atalaya.eu\/actualidad\/"},{"@type":"ListItem","position":2,"name":"Pedro Mach\u00edn en Arag\u00f3n Radio: \u00abLa energ\u00eda bajar\u00e1 conforme apostemos por las renovables\u00bb"}]},{"@type":"Person","@id":"https:\/\/www.atalaya.eu\/actualidad\/#\/schema\/person\/c87c3875b91eae1047695e51cd11baad","name":"Atalaya","image":{"@type":"ImageObject","@id":"https:\/\/www.atalaya.eu\/actualidad\/#personlogo","inLanguage":"es","url":"https:\/\/secure.gravatar.com\/avatar\/18613b53f3c2184b9d259778e24af0716c0793eb64bfb578efa5511ec51936ba?s=96&d=mm&r=g","contentUrl":"https:\/\/secure.gravatar.com\/avatar\/18613b53f3c2184b9d259778e24af0716c0793eb64bfb578efa5511ec51936ba?s=96&d=mm&r=g","caption":"Atalaya"},"sameAs":["https:\/\/www.atalaya.eu\/actualidad"],"url":"https:\/\/www.atalaya.eu\/actualidad\/author\/atalaya\/"}]}},"_links":{"self":[{"href":"https:\/\/www.atalaya.eu\/actualidad\/wp-json\/wp\/v2\/posts\/807","targetHints":{"allow":["GET"]}}],"collection":[{"href":"https:\/\/www.atalaya.eu\/actualidad\/wp-json\/wp\/v2\/posts"}],"about":[{"href":"https:\/\/www.atalaya.eu\/actualidad\/wp-json\/wp\/v2\/types\/post"}],"author":[{"embeddable":true,"href":"https:\/\/www.atalaya.eu\/actualidad\/wp-json\/wp\/v2\/users\/1"}],"replies":[{"embeddable":true,"href":"https:\/\/www.atalaya.eu\/actualidad\/wp-json\/wp\/v2\/comments?post=807"}],"version-history":[{"count":2,"href":"https:\/\/www.atalaya.eu\/actualidad\/wp-json\/wp\/v2\/posts\/807\/revisions"}],"predecessor-version":[{"id":810,"href":"https:\/\/www.atalaya.eu\/actualidad\/wp-json\/wp\/v2\/posts\/807\/revisions\/810"}],"wp:featuredmedia":[{"embeddable":true,"href":"https:\/\/www.atalaya.eu\/actualidad\/wp-json\/wp\/v2\/media\/808"}],"wp:attachment":[{"href":"https:\/\/www.atalaya.eu\/actualidad\/wp-json\/wp\/v2\/media?parent=807"}],"wp:term":[{"taxonomy":"category","embeddable":true,"href":"https:\/\/www.atalaya.eu\/actualidad\/wp-json\/wp\/v2\/categories?post=807"},{"taxonomy":"post_tag","embeddable":true,"href":"https:\/\/www.atalaya.eu\/actualidad\/wp-json\/wp\/v2\/tags?post=807"}],"curies":[{"name":"wp","href":"https:\/\/api.w.org\/{rel}","templated":true}]}}