{"id":858,"date":"2023-03-03T13:41:46","date_gmt":"2023-03-03T13:41:46","guid":{"rendered":"https:\/\/www.atalaya.eu\/actualidad\/?p=858"},"modified":"2023-03-03T13:41:50","modified_gmt":"2023-03-03T13:41:50","slug":"el-gobierno-espanol-impulsara-el-bombeo-de-forma-coordinada-con-portugal","status":"publish","type":"post","link":"https:\/\/www.atalaya.eu\/actualidad\/blog\/el-gobierno-espanol-impulsara-el-bombeo-de-forma-coordinada-con-portugal\/","title":{"rendered":"<strong>El Gobierno espa\u00f1ol impulsar\u00e1 el bombeo de forma coordinada con Portugal<\/strong>"},"content":{"rendered":"\n<p>El Gobierno espa\u00f1ol quiere impulsar el bombeo hidroel\u00e9ctrico reversible y hacerlo de forma coordinada con Portugal incluso por medio de una nueva regulaci\u00f3n, seg\u00fan se desprende de las palabras de la ministra para la Transici\u00f3n Ecol\u00f3gica y vicepresidenta tercera, Teresa Ribera, en una reciente comparecencia parlamentaria.<\/p>\n\n\n\n<p>De hecho, la nueva regulaci\u00f3n del bombeo que se negocia con el pa\u00eds luso, ya estuvo sobre la mesa en la \u00faltima cumbre bilateral entre ambos pa\u00edses celebrada hace escasas fechas en la localidad de Viana do Castelo, y se trata de la continuaci\u00f3n de un compromiso de los acuerdos alcanzados por el presidente espa\u00f1ol, Pedro S\u00e1nchez, el portugu\u00e9s, Antonio Costa, y el franc\u00e9s, Emmanuel Macron, el pasado mes de octubre, en un encuentro a tres bandas.<\/p>\n\n\n\n<h2 class=\"wp-block-heading\">Tecnolog\u00eda clave para el futuro<\/h2>\n\n\n\n<p>Esta iniciativa legislativa con Portugal se debe a que el Ejecutivo espa\u00f1ol tiene cada vez m\u00e1s claro que el bombeo hidroel\u00e9ctrico reversible ser\u00e1 una tecnolog\u00eda clave para el almacenamiento energ\u00e9tico de un futuro cien por cien renovable, que ya est\u00e1 llamando a las puertas, por lo que ha considerado prioritario trabajar con el Gobierno de Lisboa para la regulaci\u00f3n del almacenamiento de electricidad en la Pen\u00ednsula Ib\u00e9rica, y as\u00ed poder contar con una reserva energ\u00e9tica cuanto antes y ser m\u00e1s fuertes y m\u00e1s aut\u00f3nomos los dos pa\u00edses.<\/p>\n\n\n\n<p>El almacenamiento ser\u00e1 sin duda fundamental en una generaci\u00f3n renovable ya que puede cubrir la intermitencia de la e\u00f3lica y la fotovoltaica cuando no haya ni sol ni viento.<\/p>\n\n\n\n<p>Y la geograf\u00eda de Espa\u00f1a es, adem\u00e1s, una de las mejores de Europa para desarrollar el bombeo, y permite encontrar numerosos emplazamientos con las cotas necesarias para la ubicaci\u00f3n de estas infraestructuras de almacenamiento energ\u00e9tico.<\/p>\n\n\n\n<figure class=\"wp-block-image size-large\"><img loading=\"lazy\" decoding=\"async\" width=\"1024\" height=\"557\" src=\"https:\/\/www.atalaya.eu\/actualidad\/wp-content\/uploads\/2023\/03\/Bombeo-en-Portugal-1-1024x557.jpg\" alt=\"\" class=\"wp-image-859\"\/><\/figure>\n\n\n\n<h2 class=\"wp-block-heading\">Ser la bater\u00eda de Europa<\/h2>\n\n\n\n<p>De hecho, existen numerosos estudios nacionales e internacionales que creen que Espa\u00f1a puede convertirse en no demasiado tiempo en la bater\u00eda de Europa, si sabe apostar de forma decidida por el bombeo reversible como una de las infraestructuras mejores para el almacenamiento energ\u00e9tico.<\/p>\n\n\n\n<p>La Asociaci\u00f3n Europea para el almacenamiento de energ\u00eda (EASE) public\u00f3 el pasado mes de junio de 2022 un informe donde evalu\u00f3 la importancia del almacenamiento para garantizar la seguridad del suministro energ\u00e9tico europeo, y repas\u00f3 las tecnolog\u00edas disponibles para cumplir con los objetivos definidos por la Comisi\u00f3n Europea para 2030 y 2050, entre ellas el almacenamiento mediante bombeo hidroel\u00e9ctrico.<\/p>\n\n\n\n<h2 class=\"wp-block-heading\">Maximiza las renovables<\/h2>\n\n\n\n<p>Y entre las conclusiones de EASE est\u00e1 que el almacenamiento de energ\u00eda es clave para maximizar la utilizaci\u00f3n de las energ\u00edas renovables, reducir la dependencia de las importaciones externas de gas y aliviar los actuales precios del mercado el\u00e9ctrico. Sin embargo, las instalaciones de almacenamiento de energ\u00eda no se est\u00e1n desarrollando al mismo ritmo que la nueva generaci\u00f3n solar y e\u00f3lica, lo que pone en riesgo la estrategia de reducir la dependencia de la producci\u00f3n el\u00e9ctrica con gas.<\/p>\n\n\n\n<p>La ministra Ribera, en su intervenci\u00f3n parlamentaria, explic\u00f3 que se trata de analizar en qu\u00e9 condiciones se despliega el bombeo en Espa\u00f1a, qu\u00e9 se retribuye y cu\u00e1l es la mejor disponibilidad. Todo ello sin generar afecci\u00f3n ambiental, ni mayor preocupaci\u00f3n desde el punto de vista de la estructura de costes y beneficios de quienes gestionan esos bombeos.<\/p>\n\n\n\n<h2 class=\"wp-block-heading\">Regulaci\u00f3n propia e independiente<\/h2>\n\n\n\n<p>El bombeo, para Ribera, tiene todo el sentido en el sistema, pero debe contar con una regulaci\u00f3n propia e independiente y con un mecanismo de pago distinto, lo que justific\u00f3 por el hecho de que se nutre de un bien de dominio p\u00fablico como es el agua.<\/p>\n\n\n\n<p>Sin embargo, los bombeos hidroel\u00e9ctricos con balsas independientes de los cauces de los r\u00edos son una infraestructura muy eficiente y resiliente en el uso del agua, que genera nuevas sinergias con el medio natural y los riesgos naturales y su funcionamiento no est\u00e1 afectado por temporadas de sequ\u00eda ni por caudales ecol\u00f3gicos.<\/p>\n\n\n\n<p>Adem\u00e1s, la hibridaci\u00f3n del bombeo reversible con las otras renovables, que ha contribuido a dar viabilidad econ\u00f3mica a esta infraestructura hidroel\u00e9ctrica, abre un futuro muy esperanzador, una vez que estas instalaciones son capaces de optimizar el consumo de recursos y de energ\u00eda empleados en su construcci\u00f3n. <\/p>\n\n\n\n<p>Actualmente, Espa\u00f1a tiene 3.337 MW de potencia instalada de bombeo puro. Seg\u00fan la planificaci\u00f3n del Gobierno para 2030 se pretender\u00eda alcanzar los 6.837 MW, es decir, 3.500 MW m\u00e1s en ocho a\u00f1os&nbsp;.<\/p>\n","protected":false},"excerpt":{"rendered":"<p>El Gobierno espa\u00f1ol quiere impulsar el bombeo hidroel\u00e9ctrico reversible y hacerlo de forma coordinada con Portugal incluso por medio de una nueva regulaci\u00f3n, seg\u00fan se desprende de las palabras de la ministra para la Transici\u00f3n Ecol\u00f3gica y vicepresidenta tercera, Teresa Ribera, en una reciente comparecencia parlamentaria. De hecho, la nueva regulaci\u00f3n del bombeo que se &hellip;<\/p>\n<p class=\"read-more\"> <a class=\"\" href=\"https:\/\/www.atalaya.eu\/actualidad\/blog\/el-gobierno-espanol-impulsara-el-bombeo-de-forma-coordinada-con-portugal\/\"> <span class=\"screen-reader-text\"><strong>El Gobierno espa\u00f1ol impulsar\u00e1 el bombeo de forma coordinada con Portugal<\/strong><\/span> Leer m\u00e1s &raquo;<\/a><\/p>\n","protected":false},"author":1,"featured_media":859,"comment_status":"closed","ping_status":"open","sticky":false,"template":"","format":"standard","meta":{"inline_featured_image":false,"site-sidebar-layout":"default","site-content-layout":"default","ast-main-header-display":"","ast-hfb-above-header-display":"","ast-hfb-below-header-display":"","ast-hfb-mobile-header-display":"","site-post-title":"","ast-breadcrumbs-content":"","ast-featured-img":"","footer-sml-layout":"","theme-transparent-header-meta":"","adv-header-id-meta":"","stick-header-meta":"","header-above-stick-meta":"","header-main-stick-meta":"","header-below-stick-meta":"","footnotes":""},"categories":[5],"tags":[42,10,16,27,23],"class_list":["post-858","post","type-post","status-publish","format-standard","has-post-thumbnail","hentry","category-blog","tag-bombeo-hidroelectrico","tag-bombeo-reversible","tag-central-de-bombeo-reversible","tag-energia","tag-energia-verde"],"yoast_head":"<!-- This site is optimized with the Yoast SEO plugin v18.5.1 - https:\/\/yoast.com\/wordpress\/plugins\/seo\/ -->\n<title>El Gobierno espa\u00f1ol impulsar\u00e1 el bombeo de forma coordinada con Portugal - ATALAYA Generaci\u00f3n E\u00f3lica<\/title>\n<meta name=\"description\" content=\"El Gobierno espa\u00f1ol quiere impulsar el bombeo hidroel\u00e9ctrico reversible y hacerlo de forma coordinada con Portugal.\" \/>\n<meta name=\"robots\" content=\"index, follow, max-snippet:-1, max-image-preview:large, max-video-preview:-1\" \/>\n<link rel=\"canonical\" href=\"https:\/\/www.atalaya.eu\/actualidad\/blog\/el-gobierno-espanol-impulsara-el-bombeo-de-forma-coordinada-con-portugal\/\" \/>\n<meta property=\"og:locale\" content=\"es_ES\" \/>\n<meta property=\"og:type\" content=\"article\" \/>\n<meta property=\"og:title\" content=\"El Gobierno espa\u00f1ol impulsar\u00e1 el bombeo de forma coordinada con Portugal - ATALAYA Generaci\u00f3n E\u00f3lica\" \/>\n<meta property=\"og:description\" content=\"El Gobierno espa\u00f1ol quiere impulsar el bombeo hidroel\u00e9ctrico reversible y hacerlo de forma coordinada con Portugal.\" \/>\n<meta property=\"og:url\" content=\"https:\/\/www.atalaya.eu\/actualidad\/blog\/el-gobierno-espanol-impulsara-el-bombeo-de-forma-coordinada-con-portugal\/\" \/>\n<meta property=\"og:site_name\" content=\"ATALAYA Generaci\u00f3n E\u00f3lica\" \/>\n<meta property=\"article:published_time\" content=\"2023-03-03T13:41:46+00:00\" \/>\n<meta property=\"article:modified_time\" content=\"2023-03-03T13:41:50+00:00\" \/>\n<meta property=\"og:image\" content=\"https:\/\/www.atalaya.eu\/actualidad\/wp-content\/uploads\/2023\/03\/Bombeo-en-Portugal-1.jpg\" \/>\n\t<meta property=\"og:image:width\" content=\"1489\" \/>\n\t<meta property=\"og:image:height\" content=\"810\" \/>\n\t<meta property=\"og:image:type\" content=\"image\/jpeg\" \/>\n<meta name=\"twitter:card\" content=\"summary_large_image\" \/>\n<meta name=\"twitter:label1\" content=\"Escrito por\" \/>\n\t<meta name=\"twitter:data1\" content=\"Atalaya\" \/>\n\t<meta name=\"twitter:label2\" content=\"Tiempo de lectura\" \/>\n\t<meta name=\"twitter:data2\" content=\"4 minutos\" \/>\n<script type=\"application\/ld+json\" class=\"yoast-schema-graph\">{\"@context\":\"https:\/\/schema.org\",\"@graph\":[{\"@type\":\"WebSite\",\"@id\":\"https:\/\/www.atalaya.eu\/actualidad\/#website\",\"url\":\"https:\/\/www.atalaya.eu\/actualidad\/\",\"name\":\"ATALAYA Generaci\u00f3n E\u00f3lica\",\"description\":\"ATALAYA Generaci\u00f3n E\u00f3lica\",\"potentialAction\":[{\"@type\":\"SearchAction\",\"target\":{\"@type\":\"EntryPoint\",\"urlTemplate\":\"https:\/\/www.atalaya.eu\/actualidad\/?s={search_term_string}\"},\"query-input\":\"required name=search_term_string\"}],\"inLanguage\":\"es\"},{\"@type\":\"ImageObject\",\"@id\":\"https:\/\/www.atalaya.eu\/actualidad\/blog\/el-gobierno-espanol-impulsara-el-bombeo-de-forma-coordinada-con-portugal\/#primaryimage\",\"inLanguage\":\"es\",\"url\":\"https:\/\/www.atalaya.eu\/actualidad\/wp-content\/uploads\/2023\/03\/Bombeo-en-Portugal-1.jpg\",\"contentUrl\":\"https:\/\/www.atalaya.eu\/actualidad\/wp-content\/uploads\/2023\/03\/Bombeo-en-Portugal-1.jpg\",\"width\":1489,\"height\":810,\"caption\":\"Bombeo-en-Portugal\"},{\"@type\":\"WebPage\",\"@id\":\"https:\/\/www.atalaya.eu\/actualidad\/blog\/el-gobierno-espanol-impulsara-el-bombeo-de-forma-coordinada-con-portugal\/#webpage\",\"url\":\"https:\/\/www.atalaya.eu\/actualidad\/blog\/el-gobierno-espanol-impulsara-el-bombeo-de-forma-coordinada-con-portugal\/\",\"name\":\"El Gobierno espa\u00f1ol impulsar\u00e1 el bombeo de forma coordinada con Portugal - ATALAYA Generaci\u00f3n E\u00f3lica\",\"isPartOf\":{\"@id\":\"https:\/\/www.atalaya.eu\/actualidad\/#website\"},\"primaryImageOfPage\":{\"@id\":\"https:\/\/www.atalaya.eu\/actualidad\/blog\/el-gobierno-espanol-impulsara-el-bombeo-de-forma-coordinada-con-portugal\/#primaryimage\"},\"datePublished\":\"2023-03-03T13:41:46+00:00\",\"dateModified\":\"2023-03-03T13:41:50+00:00\",\"author\":{\"@id\":\"https:\/\/www.atalaya.eu\/actualidad\/#\/schema\/person\/c87c3875b91eae1047695e51cd11baad\"},\"description\":\"El Gobierno espa\u00f1ol quiere impulsar el bombeo hidroel\u00e9ctrico reversible y hacerlo de forma coordinada con Portugal.\",\"breadcrumb\":{\"@id\":\"https:\/\/www.atalaya.eu\/actualidad\/blog\/el-gobierno-espanol-impulsara-el-bombeo-de-forma-coordinada-con-portugal\/#breadcrumb\"},\"inLanguage\":\"es\",\"potentialAction\":[{\"@type\":\"ReadAction\",\"target\":[\"https:\/\/www.atalaya.eu\/actualidad\/blog\/el-gobierno-espanol-impulsara-el-bombeo-de-forma-coordinada-con-portugal\/\"]}]},{\"@type\":\"BreadcrumbList\",\"@id\":\"https:\/\/www.atalaya.eu\/actualidad\/blog\/el-gobierno-espanol-impulsara-el-bombeo-de-forma-coordinada-con-portugal\/#breadcrumb\",\"itemListElement\":[{\"@type\":\"ListItem\",\"position\":1,\"name\":\"Portada\",\"item\":\"https:\/\/www.atalaya.eu\/actualidad\/\"},{\"@type\":\"ListItem\",\"position\":2,\"name\":\"El Gobierno espa\u00f1ol impulsar\u00e1 el bombeo de forma coordinada con Portugal\"}]},{\"@type\":\"Person\",\"@id\":\"https:\/\/www.atalaya.eu\/actualidad\/#\/schema\/person\/c87c3875b91eae1047695e51cd11baad\",\"name\":\"Atalaya\",\"image\":{\"@type\":\"ImageObject\",\"@id\":\"https:\/\/www.atalaya.eu\/actualidad\/#personlogo\",\"inLanguage\":\"es\",\"url\":\"https:\/\/secure.gravatar.com\/avatar\/18613b53f3c2184b9d259778e24af0716c0793eb64bfb578efa5511ec51936ba?s=96&d=mm&r=g\",\"contentUrl\":\"https:\/\/secure.gravatar.com\/avatar\/18613b53f3c2184b9d259778e24af0716c0793eb64bfb578efa5511ec51936ba?s=96&d=mm&r=g\",\"caption\":\"Atalaya\"},\"sameAs\":[\"https:\/\/www.atalaya.eu\/actualidad\"],\"url\":\"https:\/\/www.atalaya.eu\/actualidad\/author\/atalaya\/\"}]}<\/script>\n<!-- \/ Yoast SEO plugin. -->","yoast_head_json":{"title":"El Gobierno espa\u00f1ol impulsar\u00e1 el bombeo de forma coordinada con Portugal - ATALAYA Generaci\u00f3n E\u00f3lica","description":"El Gobierno espa\u00f1ol quiere impulsar el bombeo hidroel\u00e9ctrico reversible y hacerlo de forma coordinada con Portugal.","robots":{"index":"index","follow":"follow","max-snippet":"max-snippet:-1","max-image-preview":"max-image-preview:large","max-video-preview":"max-video-preview:-1"},"canonical":"https:\/\/www.atalaya.eu\/actualidad\/blog\/el-gobierno-espanol-impulsara-el-bombeo-de-forma-coordinada-con-portugal\/","og_locale":"es_ES","og_type":"article","og_title":"El Gobierno espa\u00f1ol impulsar\u00e1 el bombeo de forma coordinada con Portugal - ATALAYA Generaci\u00f3n E\u00f3lica","og_description":"El Gobierno espa\u00f1ol quiere impulsar el bombeo hidroel\u00e9ctrico reversible y hacerlo de forma coordinada con Portugal.","og_url":"https:\/\/www.atalaya.eu\/actualidad\/blog\/el-gobierno-espanol-impulsara-el-bombeo-de-forma-coordinada-con-portugal\/","og_site_name":"ATALAYA Generaci\u00f3n E\u00f3lica","article_published_time":"2023-03-03T13:41:46+00:00","article_modified_time":"2023-03-03T13:41:50+00:00","og_image":[{"width":1489,"height":810,"url":"https:\/\/www.atalaya.eu\/actualidad\/wp-content\/uploads\/2023\/03\/Bombeo-en-Portugal-1.jpg","type":"image\/jpeg"}],"twitter_card":"summary_large_image","twitter_misc":{"Escrito por":"Atalaya","Tiempo de lectura":"4 minutos"},"schema":{"@context":"https:\/\/schema.org","@graph":[{"@type":"WebSite","@id":"https:\/\/www.atalaya.eu\/actualidad\/#website","url":"https:\/\/www.atalaya.eu\/actualidad\/","name":"ATALAYA Generaci\u00f3n E\u00f3lica","description":"ATALAYA Generaci\u00f3n E\u00f3lica","potentialAction":[{"@type":"SearchAction","target":{"@type":"EntryPoint","urlTemplate":"https:\/\/www.atalaya.eu\/actualidad\/?s={search_term_string}"},"query-input":"required name=search_term_string"}],"inLanguage":"es"},{"@type":"ImageObject","@id":"https:\/\/www.atalaya.eu\/actualidad\/blog\/el-gobierno-espanol-impulsara-el-bombeo-de-forma-coordinada-con-portugal\/#primaryimage","inLanguage":"es","url":"https:\/\/www.atalaya.eu\/actualidad\/wp-content\/uploads\/2023\/03\/Bombeo-en-Portugal-1.jpg","contentUrl":"https:\/\/www.atalaya.eu\/actualidad\/wp-content\/uploads\/2023\/03\/Bombeo-en-Portugal-1.jpg","width":1489,"height":810,"caption":"Bombeo-en-Portugal"},{"@type":"WebPage","@id":"https:\/\/www.atalaya.eu\/actualidad\/blog\/el-gobierno-espanol-impulsara-el-bombeo-de-forma-coordinada-con-portugal\/#webpage","url":"https:\/\/www.atalaya.eu\/actualidad\/blog\/el-gobierno-espanol-impulsara-el-bombeo-de-forma-coordinada-con-portugal\/","name":"El Gobierno espa\u00f1ol impulsar\u00e1 el bombeo de forma coordinada con Portugal - ATALAYA Generaci\u00f3n E\u00f3lica","isPartOf":{"@id":"https:\/\/www.atalaya.eu\/actualidad\/#website"},"primaryImageOfPage":{"@id":"https:\/\/www.atalaya.eu\/actualidad\/blog\/el-gobierno-espanol-impulsara-el-bombeo-de-forma-coordinada-con-portugal\/#primaryimage"},"datePublished":"2023-03-03T13:41:46+00:00","dateModified":"2023-03-03T13:41:50+00:00","author":{"@id":"https:\/\/www.atalaya.eu\/actualidad\/#\/schema\/person\/c87c3875b91eae1047695e51cd11baad"},"description":"El Gobierno espa\u00f1ol quiere impulsar el bombeo hidroel\u00e9ctrico reversible y hacerlo de forma coordinada con Portugal.","breadcrumb":{"@id":"https:\/\/www.atalaya.eu\/actualidad\/blog\/el-gobierno-espanol-impulsara-el-bombeo-de-forma-coordinada-con-portugal\/#breadcrumb"},"inLanguage":"es","potentialAction":[{"@type":"ReadAction","target":["https:\/\/www.atalaya.eu\/actualidad\/blog\/el-gobierno-espanol-impulsara-el-bombeo-de-forma-coordinada-con-portugal\/"]}]},{"@type":"BreadcrumbList","@id":"https:\/\/www.atalaya.eu\/actualidad\/blog\/el-gobierno-espanol-impulsara-el-bombeo-de-forma-coordinada-con-portugal\/#breadcrumb","itemListElement":[{"@type":"ListItem","position":1,"name":"Portada","item":"https:\/\/www.atalaya.eu\/actualidad\/"},{"@type":"ListItem","position":2,"name":"El Gobierno espa\u00f1ol impulsar\u00e1 el bombeo de forma coordinada con Portugal"}]},{"@type":"Person","@id":"https:\/\/www.atalaya.eu\/actualidad\/#\/schema\/person\/c87c3875b91eae1047695e51cd11baad","name":"Atalaya","image":{"@type":"ImageObject","@id":"https:\/\/www.atalaya.eu\/actualidad\/#personlogo","inLanguage":"es","url":"https:\/\/secure.gravatar.com\/avatar\/18613b53f3c2184b9d259778e24af0716c0793eb64bfb578efa5511ec51936ba?s=96&d=mm&r=g","contentUrl":"https:\/\/secure.gravatar.com\/avatar\/18613b53f3c2184b9d259778e24af0716c0793eb64bfb578efa5511ec51936ba?s=96&d=mm&r=g","caption":"Atalaya"},"sameAs":["https:\/\/www.atalaya.eu\/actualidad"],"url":"https:\/\/www.atalaya.eu\/actualidad\/author\/atalaya\/"}]}},"_links":{"self":[{"href":"https:\/\/www.atalaya.eu\/actualidad\/wp-json\/wp\/v2\/posts\/858","targetHints":{"allow":["GET"]}}],"collection":[{"href":"https:\/\/www.atalaya.eu\/actualidad\/wp-json\/wp\/v2\/posts"}],"about":[{"href":"https:\/\/www.atalaya.eu\/actualidad\/wp-json\/wp\/v2\/types\/post"}],"author":[{"embeddable":true,"href":"https:\/\/www.atalaya.eu\/actualidad\/wp-json\/wp\/v2\/users\/1"}],"replies":[{"embeddable":true,"href":"https:\/\/www.atalaya.eu\/actualidad\/wp-json\/wp\/v2\/comments?post=858"}],"version-history":[{"count":2,"href":"https:\/\/www.atalaya.eu\/actualidad\/wp-json\/wp\/v2\/posts\/858\/revisions"}],"predecessor-version":[{"id":861,"href":"https:\/\/www.atalaya.eu\/actualidad\/wp-json\/wp\/v2\/posts\/858\/revisions\/861"}],"wp:featuredmedia":[{"embeddable":true,"href":"https:\/\/www.atalaya.eu\/actualidad\/wp-json\/wp\/v2\/media\/859"}],"wp:attachment":[{"href":"https:\/\/www.atalaya.eu\/actualidad\/wp-json\/wp\/v2\/media?parent=858"}],"wp:term":[{"taxonomy":"category","embeddable":true,"href":"https:\/\/www.atalaya.eu\/actualidad\/wp-json\/wp\/v2\/categories?post=858"},{"taxonomy":"post_tag","embeddable":true,"href":"https:\/\/www.atalaya.eu\/actualidad\/wp-json\/wp\/v2\/tags?post=858"}],"curies":[{"name":"wp","href":"https:\/\/api.w.org\/{rel}","templated":true}]}}