{"id":911,"date":"2023-08-04T08:49:16","date_gmt":"2023-08-04T08:49:16","guid":{"rendered":"https:\/\/www.atalaya.eu\/actualidad\/?p=911"},"modified":"2023-08-04T09:54:45","modified_gmt":"2023-08-04T09:54:45","slug":"la-apuesta-del-pniec-2023-por-el-almacenamiento-energetico","status":"publish","type":"post","link":"https:\/\/www.atalaya.eu\/actualidad\/blog\/la-apuesta-del-pniec-2023-por-el-almacenamiento-energetico\/","title":{"rendered":"La apuesta del PNIEC 2023 por el almacenamiento energ\u00e9tico"},"content":{"rendered":"\n<p>El Ministerio para la Transici\u00f3n Ecol\u00f3gica y el Reto Demogr\u00e1fico (MITERD\/MITECO) public\u00f3 en junio de 2023 el borrador de actualizaci\u00f3n del Plan Nacional Integrado de Energ\u00eda y Clima (PNIEC 2023-2030). Entre los datos m\u00e1s interesantes y novedosos de este plan se destacan:<\/p>\n\n\n\n<p>-El <strong>incremento en renovables<\/strong> sobre el uso final de la energ\u00eda que pasa del 42 % previsto en la versi\u00f3n anterior del Plan, a cerca de un 48 %.<\/p>\n\n\n\n<p>&#8211;<strong>Reducci\u00f3n dr\u00e1stica de la dependencia energ\u00e9tica exterior<\/strong>, el 49 % de la energ\u00eda primaria deber\u00e1 proceder de fuentes aut\u00f3ctonas frente al 27 % en 2019.<\/p>\n\n\n\n<p>&#8211; En cuanto al sector el\u00e9ctrico, se fija como objetivo que <strong>en 2030 las energ\u00edas renovables aporten el 81 % de la generaci\u00f3n,<\/strong> frente al 74 % de la versi\u00f3n anterior del PNIEC.<\/p>\n\n\n\n<p>-El <strong>autoconsumo <\/strong>toma especial protagonismo gracias a los cambios normativos de los \u00faltimos a\u00f1os y al impulso del Plan de Recuperaci\u00f3n, Transformaci\u00f3n y Resiliencia, por lo que el nuevo objetivo implica <strong>alcanzar los 19 gigavatios (GW) en 2030<\/strong>.<\/p>\n\n\n\n<p>-Para poder integrar toda esta cantidad de renovables en el sistema el\u00e9ctrico, el PNIEC <strong>apuesta por incrementar el almacenamiento energ\u00e9tico hasta los 22 GW<\/strong>.<\/p>\n\n\n\n<figure class=\"wp-block-image size-large\"><img loading=\"lazy\" decoding=\"async\" width=\"1024\" height=\"682\" src=\"https:\/\/www.atalaya.eu\/actualidad\/wp-content\/uploads\/2023\/08\/almacenamiento-hidroelectrico-1024x682.jpg\" alt=\"almacenamiento hidroel\u00e9ctrico\" class=\"wp-image-912\"\/><\/figure>\n\n\n\n<h2 class=\"wp-block-heading\">Se elevan las previsiones de almacenamiento energ\u00e9tico<\/h2>\n\n\n\n<p>En el nuevo borrador del PNIEC se refuerza la apuesta por el almacenamiento para asegurar la integraci\u00f3n de renovables en el &#8216;mix&#8217; el\u00e9ctrico. Se hace necesario acelerar la instalaci\u00f3n de sistemas de almacenamiento y de gestionabilidad de la demanda. La Estrategia de Almacenamiento Energ\u00e9tico de 2020 ya preve\u00eda disponer de 20 GW de almacenamiento energ\u00e9tico en 2030, pero con el PNIEC 2023-2030 las previsiones se elevan a 22 GW.<\/p>\n\n\n\n<p>Puesto que la futura provisi\u00f3n de energ\u00eda provendr\u00e1 fundamentalmente de fuentes renovables en muchos casos intermitentes y no gestionables, el almacenamiento de energ\u00eda ser\u00e1 uno de los principales elementos que proporcione flexibilidad al sistema energ\u00e9tico.<\/p>\n\n\n\n<p>El documento expresa que \u201cel Plan busca la flexibilidad del sistema permitiendo que la gesti\u00f3n de la demanda y el almacenamiento contribuyan a una integraci\u00f3n \u00f3ptima de energ\u00edas renovables, as\u00ed como a la seguridad y calidad del suministro, reduciendo la dependencia y mejorando la seguridad de suministro\u201d.<\/p>\n\n\n\n<p>\u201cEl despliegue del almacenamiento energ\u00e9tico requiere de un enfoque multinivel, siendo necesarios desarrollos normativos, de mercado, de gesti\u00f3n t\u00e9cnica del sistema energ\u00e9tico y de elaboraci\u00f3n de nuevos modelos de negocio. El desarrollo de estas tecnolog\u00edas permitir\u00e1 aprovechar el potencial de la gesti\u00f3n de recursos energ\u00e9ticos distribuidos renovables generando beneficios tanto para el sistema, por la mejora de la integraci\u00f3n de renovables y gesti\u00f3n de la red, que redundar\u00e1n en la garant\u00eda de la seguridad del suministro; como para garantizar que los consumidores, de forma individual o agregada, directamente o a trav\u00e9s de otras figuras, pueden participar en la provisi\u00f3n de dichos servicios\u201d.<\/p>\n\n\n\n<p>Para ello, el PNIEC pone entre sus objetivos: \u201cfortalecer y promover la industria nacional de almacenamiento para su uso en todas las aplicaciones posibles e integrar a diferentes empresas de la cadena de valor del sector energ\u00e9tico. El objetivo es capturar el m\u00e1ximo potencial en cuanto a generaci\u00f3n de desarrollo econ\u00f3mico y empleo industrial derivados de la transici\u00f3n energ\u00e9tica\u201d.<\/p>\n\n\n\n<h2 class=\"wp-block-heading\">La importancia del almacenamiento hidroel\u00e9ctrico<\/h2>\n\n\n\n<p>Adem\u00e1s de aumentar la previsi\u00f3n del PNIEC en almacenamiento y la flexibilidad, este nuevo documento de actualizaci\u00f3n aborda el desarrollo de la nueva capacidad de almacenamiento hidroel\u00e9ctrico aprovechando, por ejemplo, embalses ya existentes, as\u00ed como la necesaria reforma del sector y del mercado el\u00e9ctrico, que debe tambi\u00e9n aportar los cambios necesarios para acelerar la instalaci\u00f3n de nuevos sistemas de almacenamiento.<\/p>\n\n\n\n<p>La actualizaci\u00f3n del PNIEC incide en que <strong>\u201clas centrales hidroel\u00e9ctricas reversibles tienen como caracter\u00edstica una relaci\u00f3n elevada de la potencia el\u00e9ctrica disponible frente a energ\u00eda almacenada, es decir, n\u00famero de horas de almacenamiento que, junto con las caracter\u00edsticas t\u00e9cnicas de su turbina, que suministra inercia rodante, hacen que estas tecnolog\u00edas tengan muy buenas prestaciones para la integraci\u00f3n de energ\u00edas renovables. <\/strong>Adicionalmente, se trata de una tecnolog\u00eda madura y probada, sobre la cual se dispone en Espa\u00f1a de una amplia experiencia y conocimiento t\u00e9cnico, disponiendo de una solvente cadena de valor a nivel nacional. Es una tecnolog\u00eda flexible y ajustable a tiempos de descarga largos que permite afrontar diversos reg\u00edmenes de explotaci\u00f3n (horario, diario, semanal o incluso estacional). Las centrales hidroel\u00e9ctricas reversibles contribuyen a la operaci\u00f3n flexible y segura del sistema el\u00e9ctrico, principalmente por su inercia mec\u00e1nica \u2013 necesaria para mantener el sincronismo de las unidades de generaci\u00f3n \u2013 y de su aportaci\u00f3n a los servicios de ajuste. Por todo ello, el almacenamiento de energ\u00eda mediante centrales hidroel\u00e9ctricas reversibles -especialmente las de bombeo puro- es clave para la explotaci\u00f3n de un sistema el\u00e9ctrico basado en producci\u00f3n renovable\u201d.<\/p>\n\n\n\n<p>Por el momento, est\u00e1 abierto el proceso de consulta p\u00fablica sobre este <a href=\"https:\/\/energia.gob.es\/es-es\/Participacion\/Paginas\/DetalleParticipacionPublica.aspx?k=607\">nuevo PNIEC<\/a>&nbsp;hasta el 4 de septiembre, con el objetivo de tenerlo finalizado en junio de 2024.<\/p>\n","protected":false},"excerpt":{"rendered":"<p>El Ministerio para la Transici\u00f3n Ecol\u00f3gica y el Reto Demogr\u00e1fico (MITERD\/MITECO) public\u00f3 en junio de 2023 el borrador de actualizaci\u00f3n del Plan Nacional Integrado de Energ\u00eda y Clima (PNIEC 2023-2030). Entre los datos m\u00e1s interesantes y novedosos de este plan se destacan: -El incremento en renovables sobre el uso final de la energ\u00eda que pasa &hellip;<\/p>\n<p class=\"read-more\"> <a class=\"\" href=\"https:\/\/www.atalaya.eu\/actualidad\/blog\/la-apuesta-del-pniec-2023-por-el-almacenamiento-energetico\/\"> <span class=\"screen-reader-text\">La apuesta del PNIEC 2023 por el almacenamiento energ\u00e9tico<\/span> Leer m\u00e1s &raquo;<\/a><\/p>\n","protected":false},"author":1,"featured_media":912,"comment_status":"closed","ping_status":"open","sticky":false,"template":"","format":"standard","meta":{"inline_featured_image":false,"site-sidebar-layout":"default","site-content-layout":"default","ast-main-header-display":"","ast-hfb-above-header-display":"","ast-hfb-below-header-display":"","ast-hfb-mobile-header-display":"","site-post-title":"","ast-breadcrumbs-content":"","ast-featured-img":"","footer-sml-layout":"","theme-transparent-header-meta":"","adv-header-id-meta":"","stick-header-meta":"","header-above-stick-meta":"","header-main-stick-meta":"","header-below-stick-meta":"","footnotes":""},"categories":[5],"tags":[53,61,10,62,55],"class_list":["post-911","post","type-post","status-publish","format-standard","has-post-thumbnail","hentry","category-blog","tag-almacenamiento-energetico","tag-almacenamiento-hidroelectrico","tag-bombeo-reversible","tag-centrales-hidroelectricas-reversibles","tag-pniec"],"yoast_head":"<!-- This site is optimized with the Yoast SEO plugin v18.5.1 - https:\/\/yoast.com\/wordpress\/plugins\/seo\/ -->\n<title>La apuesta del PNIEC 2023 por el almacenamiento energ\u00e9tico - ATALAYA Generaci\u00f3n E\u00f3lica<\/title>\n<meta name=\"robots\" content=\"index, follow, max-snippet:-1, max-image-preview:large, max-video-preview:-1\" \/>\n<link rel=\"canonical\" href=\"https:\/\/www.atalaya.eu\/actualidad\/blog\/la-apuesta-del-pniec-2023-por-el-almacenamiento-energetico\/\" \/>\n<meta property=\"og:locale\" content=\"es_ES\" \/>\n<meta property=\"og:type\" content=\"article\" \/>\n<meta property=\"og:title\" content=\"La apuesta del PNIEC 2023 por el almacenamiento energ\u00e9tico - ATALAYA Generaci\u00f3n E\u00f3lica\" \/>\n<meta property=\"og:description\" content=\"El Ministerio para la Transici\u00f3n Ecol\u00f3gica y el Reto Demogr\u00e1fico (MITERD\/MITECO) public\u00f3 en junio de 2023 el borrador de actualizaci\u00f3n del Plan Nacional Integrado de Energ\u00eda y Clima (PNIEC 2023-2030). Entre los datos m\u00e1s interesantes y novedosos de este plan se destacan: -El incremento en renovables sobre el uso final de la energ\u00eda que pasa &hellip; La apuesta del PNIEC 2023 por el almacenamiento energ\u00e9tico Leer m\u00e1s &raquo;\" \/>\n<meta property=\"og:url\" content=\"https:\/\/www.atalaya.eu\/actualidad\/blog\/la-apuesta-del-pniec-2023-por-el-almacenamiento-energetico\/\" \/>\n<meta property=\"og:site_name\" content=\"ATALAYA Generaci\u00f3n E\u00f3lica\" \/>\n<meta property=\"article:published_time\" content=\"2023-08-04T08:49:16+00:00\" \/>\n<meta property=\"article:modified_time\" content=\"2023-08-04T09:54:45+00:00\" \/>\n<meta property=\"og:image\" content=\"https:\/\/www.atalaya.eu\/actualidad\/wp-content\/uploads\/2023\/08\/almacenamiento-hidroelectrico.jpg\" \/>\n\t<meta property=\"og:image:width\" content=\"2098\" \/>\n\t<meta property=\"og:image:height\" content=\"1398\" \/>\n\t<meta property=\"og:image:type\" content=\"image\/jpeg\" \/>\n<meta name=\"twitter:card\" content=\"summary_large_image\" \/>\n<meta name=\"twitter:label1\" content=\"Escrito por\" \/>\n\t<meta name=\"twitter:data1\" content=\"Atalaya\" \/>\n\t<meta name=\"twitter:label2\" content=\"Tiempo de lectura\" \/>\n\t<meta name=\"twitter:data2\" content=\"4 minutos\" \/>\n<script type=\"application\/ld+json\" class=\"yoast-schema-graph\">{\"@context\":\"https:\/\/schema.org\",\"@graph\":[{\"@type\":\"WebSite\",\"@id\":\"https:\/\/www.atalaya.eu\/actualidad\/#website\",\"url\":\"https:\/\/www.atalaya.eu\/actualidad\/\",\"name\":\"ATALAYA Generaci\u00f3n E\u00f3lica\",\"description\":\"ATALAYA Generaci\u00f3n E\u00f3lica\",\"potentialAction\":[{\"@type\":\"SearchAction\",\"target\":{\"@type\":\"EntryPoint\",\"urlTemplate\":\"https:\/\/www.atalaya.eu\/actualidad\/?s={search_term_string}\"},\"query-input\":\"required name=search_term_string\"}],\"inLanguage\":\"es\"},{\"@type\":\"ImageObject\",\"@id\":\"https:\/\/www.atalaya.eu\/actualidad\/blog\/la-apuesta-del-pniec-2023-por-el-almacenamiento-energetico\/#primaryimage\",\"inLanguage\":\"es\",\"url\":\"https:\/\/www.atalaya.eu\/actualidad\/wp-content\/uploads\/2023\/08\/almacenamiento-hidroelectrico.jpg\",\"contentUrl\":\"https:\/\/www.atalaya.eu\/actualidad\/wp-content\/uploads\/2023\/08\/almacenamiento-hidroelectrico.jpg\",\"width\":2098,\"height\":1398,\"caption\":\"almacenamiento hidroel\u00e9ctrico\"},{\"@type\":\"WebPage\",\"@id\":\"https:\/\/www.atalaya.eu\/actualidad\/blog\/la-apuesta-del-pniec-2023-por-el-almacenamiento-energetico\/#webpage\",\"url\":\"https:\/\/www.atalaya.eu\/actualidad\/blog\/la-apuesta-del-pniec-2023-por-el-almacenamiento-energetico\/\",\"name\":\"La apuesta del PNIEC 2023 por el almacenamiento energ\u00e9tico - ATALAYA Generaci\u00f3n E\u00f3lica\",\"isPartOf\":{\"@id\":\"https:\/\/www.atalaya.eu\/actualidad\/#website\"},\"primaryImageOfPage\":{\"@id\":\"https:\/\/www.atalaya.eu\/actualidad\/blog\/la-apuesta-del-pniec-2023-por-el-almacenamiento-energetico\/#primaryimage\"},\"datePublished\":\"2023-08-04T08:49:16+00:00\",\"dateModified\":\"2023-08-04T09:54:45+00:00\",\"author\":{\"@id\":\"https:\/\/www.atalaya.eu\/actualidad\/#\/schema\/person\/c87c3875b91eae1047695e51cd11baad\"},\"breadcrumb\":{\"@id\":\"https:\/\/www.atalaya.eu\/actualidad\/blog\/la-apuesta-del-pniec-2023-por-el-almacenamiento-energetico\/#breadcrumb\"},\"inLanguage\":\"es\",\"potentialAction\":[{\"@type\":\"ReadAction\",\"target\":[\"https:\/\/www.atalaya.eu\/actualidad\/blog\/la-apuesta-del-pniec-2023-por-el-almacenamiento-energetico\/\"]}]},{\"@type\":\"BreadcrumbList\",\"@id\":\"https:\/\/www.atalaya.eu\/actualidad\/blog\/la-apuesta-del-pniec-2023-por-el-almacenamiento-energetico\/#breadcrumb\",\"itemListElement\":[{\"@type\":\"ListItem\",\"position\":1,\"name\":\"Portada\",\"item\":\"https:\/\/www.atalaya.eu\/actualidad\/\"},{\"@type\":\"ListItem\",\"position\":2,\"name\":\"La apuesta del PNIEC 2023 por el almacenamiento energ\u00e9tico\"}]},{\"@type\":\"Person\",\"@id\":\"https:\/\/www.atalaya.eu\/actualidad\/#\/schema\/person\/c87c3875b91eae1047695e51cd11baad\",\"name\":\"Atalaya\",\"image\":{\"@type\":\"ImageObject\",\"@id\":\"https:\/\/www.atalaya.eu\/actualidad\/#personlogo\",\"inLanguage\":\"es\",\"url\":\"https:\/\/secure.gravatar.com\/avatar\/18613b53f3c2184b9d259778e24af0716c0793eb64bfb578efa5511ec51936ba?s=96&d=mm&r=g\",\"contentUrl\":\"https:\/\/secure.gravatar.com\/avatar\/18613b53f3c2184b9d259778e24af0716c0793eb64bfb578efa5511ec51936ba?s=96&d=mm&r=g\",\"caption\":\"Atalaya\"},\"sameAs\":[\"https:\/\/www.atalaya.eu\/actualidad\"],\"url\":\"https:\/\/www.atalaya.eu\/actualidad\/author\/atalaya\/\"}]}<\/script>\n<!-- \/ Yoast SEO plugin. -->","yoast_head_json":{"title":"La apuesta del PNIEC 2023 por el almacenamiento energ\u00e9tico - ATALAYA Generaci\u00f3n E\u00f3lica","robots":{"index":"index","follow":"follow","max-snippet":"max-snippet:-1","max-image-preview":"max-image-preview:large","max-video-preview":"max-video-preview:-1"},"canonical":"https:\/\/www.atalaya.eu\/actualidad\/blog\/la-apuesta-del-pniec-2023-por-el-almacenamiento-energetico\/","og_locale":"es_ES","og_type":"article","og_title":"La apuesta del PNIEC 2023 por el almacenamiento energ\u00e9tico - ATALAYA Generaci\u00f3n E\u00f3lica","og_description":"El Ministerio para la Transici\u00f3n Ecol\u00f3gica y el Reto Demogr\u00e1fico (MITERD\/MITECO) public\u00f3 en junio de 2023 el borrador de actualizaci\u00f3n del Plan Nacional Integrado de Energ\u00eda y Clima (PNIEC 2023-2030). Entre los datos m\u00e1s interesantes y novedosos de este plan se destacan: -El incremento en renovables sobre el uso final de la energ\u00eda que pasa &hellip; La apuesta del PNIEC 2023 por el almacenamiento energ\u00e9tico Leer m\u00e1s &raquo;","og_url":"https:\/\/www.atalaya.eu\/actualidad\/blog\/la-apuesta-del-pniec-2023-por-el-almacenamiento-energetico\/","og_site_name":"ATALAYA Generaci\u00f3n E\u00f3lica","article_published_time":"2023-08-04T08:49:16+00:00","article_modified_time":"2023-08-04T09:54:45+00:00","og_image":[{"width":2098,"height":1398,"url":"https:\/\/www.atalaya.eu\/actualidad\/wp-content\/uploads\/2023\/08\/almacenamiento-hidroelectrico.jpg","type":"image\/jpeg"}],"twitter_card":"summary_large_image","twitter_misc":{"Escrito por":"Atalaya","Tiempo de lectura":"4 minutos"},"schema":{"@context":"https:\/\/schema.org","@graph":[{"@type":"WebSite","@id":"https:\/\/www.atalaya.eu\/actualidad\/#website","url":"https:\/\/www.atalaya.eu\/actualidad\/","name":"ATALAYA Generaci\u00f3n E\u00f3lica","description":"ATALAYA Generaci\u00f3n E\u00f3lica","potentialAction":[{"@type":"SearchAction","target":{"@type":"EntryPoint","urlTemplate":"https:\/\/www.atalaya.eu\/actualidad\/?s={search_term_string}"},"query-input":"required name=search_term_string"}],"inLanguage":"es"},{"@type":"ImageObject","@id":"https:\/\/www.atalaya.eu\/actualidad\/blog\/la-apuesta-del-pniec-2023-por-el-almacenamiento-energetico\/#primaryimage","inLanguage":"es","url":"https:\/\/www.atalaya.eu\/actualidad\/wp-content\/uploads\/2023\/08\/almacenamiento-hidroelectrico.jpg","contentUrl":"https:\/\/www.atalaya.eu\/actualidad\/wp-content\/uploads\/2023\/08\/almacenamiento-hidroelectrico.jpg","width":2098,"height":1398,"caption":"almacenamiento hidroel\u00e9ctrico"},{"@type":"WebPage","@id":"https:\/\/www.atalaya.eu\/actualidad\/blog\/la-apuesta-del-pniec-2023-por-el-almacenamiento-energetico\/#webpage","url":"https:\/\/www.atalaya.eu\/actualidad\/blog\/la-apuesta-del-pniec-2023-por-el-almacenamiento-energetico\/","name":"La apuesta del PNIEC 2023 por el almacenamiento energ\u00e9tico - ATALAYA Generaci\u00f3n E\u00f3lica","isPartOf":{"@id":"https:\/\/www.atalaya.eu\/actualidad\/#website"},"primaryImageOfPage":{"@id":"https:\/\/www.atalaya.eu\/actualidad\/blog\/la-apuesta-del-pniec-2023-por-el-almacenamiento-energetico\/#primaryimage"},"datePublished":"2023-08-04T08:49:16+00:00","dateModified":"2023-08-04T09:54:45+00:00","author":{"@id":"https:\/\/www.atalaya.eu\/actualidad\/#\/schema\/person\/c87c3875b91eae1047695e51cd11baad"},"breadcrumb":{"@id":"https:\/\/www.atalaya.eu\/actualidad\/blog\/la-apuesta-del-pniec-2023-por-el-almacenamiento-energetico\/#breadcrumb"},"inLanguage":"es","potentialAction":[{"@type":"ReadAction","target":["https:\/\/www.atalaya.eu\/actualidad\/blog\/la-apuesta-del-pniec-2023-por-el-almacenamiento-energetico\/"]}]},{"@type":"BreadcrumbList","@id":"https:\/\/www.atalaya.eu\/actualidad\/blog\/la-apuesta-del-pniec-2023-por-el-almacenamiento-energetico\/#breadcrumb","itemListElement":[{"@type":"ListItem","position":1,"name":"Portada","item":"https:\/\/www.atalaya.eu\/actualidad\/"},{"@type":"ListItem","position":2,"name":"La apuesta del PNIEC 2023 por el almacenamiento energ\u00e9tico"}]},{"@type":"Person","@id":"https:\/\/www.atalaya.eu\/actualidad\/#\/schema\/person\/c87c3875b91eae1047695e51cd11baad","name":"Atalaya","image":{"@type":"ImageObject","@id":"https:\/\/www.atalaya.eu\/actualidad\/#personlogo","inLanguage":"es","url":"https:\/\/secure.gravatar.com\/avatar\/18613b53f3c2184b9d259778e24af0716c0793eb64bfb578efa5511ec51936ba?s=96&d=mm&r=g","contentUrl":"https:\/\/secure.gravatar.com\/avatar\/18613b53f3c2184b9d259778e24af0716c0793eb64bfb578efa5511ec51936ba?s=96&d=mm&r=g","caption":"Atalaya"},"sameAs":["https:\/\/www.atalaya.eu\/actualidad"],"url":"https:\/\/www.atalaya.eu\/actualidad\/author\/atalaya\/"}]}},"_links":{"self":[{"href":"https:\/\/www.atalaya.eu\/actualidad\/wp-json\/wp\/v2\/posts\/911","targetHints":{"allow":["GET"]}}],"collection":[{"href":"https:\/\/www.atalaya.eu\/actualidad\/wp-json\/wp\/v2\/posts"}],"about":[{"href":"https:\/\/www.atalaya.eu\/actualidad\/wp-json\/wp\/v2\/types\/post"}],"author":[{"embeddable":true,"href":"https:\/\/www.atalaya.eu\/actualidad\/wp-json\/wp\/v2\/users\/1"}],"replies":[{"embeddable":true,"href":"https:\/\/www.atalaya.eu\/actualidad\/wp-json\/wp\/v2\/comments?post=911"}],"version-history":[{"count":5,"href":"https:\/\/www.atalaya.eu\/actualidad\/wp-json\/wp\/v2\/posts\/911\/revisions"}],"predecessor-version":[{"id":917,"href":"https:\/\/www.atalaya.eu\/actualidad\/wp-json\/wp\/v2\/posts\/911\/revisions\/917"}],"wp:featuredmedia":[{"embeddable":true,"href":"https:\/\/www.atalaya.eu\/actualidad\/wp-json\/wp\/v2\/media\/912"}],"wp:attachment":[{"href":"https:\/\/www.atalaya.eu\/actualidad\/wp-json\/wp\/v2\/media?parent=911"}],"wp:term":[{"taxonomy":"category","embeddable":true,"href":"https:\/\/www.atalaya.eu\/actualidad\/wp-json\/wp\/v2\/categories?post=911"},{"taxonomy":"post_tag","embeddable":true,"href":"https:\/\/www.atalaya.eu\/actualidad\/wp-json\/wp\/v2\/tags?post=911"}],"curies":[{"name":"wp","href":"https:\/\/api.w.org\/{rel}","templated":true}]}}