{"id":963,"date":"2024-05-28T09:04:54","date_gmt":"2024-05-28T09:04:54","guid":{"rendered":"https:\/\/www.atalaya.eu\/actualidad\/?p=963"},"modified":"2024-05-28T09:04:57","modified_gmt":"2024-05-28T09:04:57","slug":"pedro-machin-destaca-la-importancia-del-bombeo-reversible-en-la-integracion-de-energias-renovables-en-el-foro-sella-2024","status":"publish","type":"post","link":"https:\/\/www.atalaya.eu\/actualidad\/noticias\/pedro-machin-destaca-la-importancia-del-bombeo-reversible-en-la-integracion-de-energias-renovables-en-el-foro-sella-2024\/","title":{"rendered":"Pedro Mach\u00edn destaca la importancia del bombeo reversible en la integraci\u00f3n de energ\u00edas renovables en el Foro Sella 2024"},"content":{"rendered":"\n<figure class=\"wp-block-image size-full is-resized\"><img loading=\"lazy\" decoding=\"async\" width=\"900\" height=\"600\" src=\"https:\/\/www.atalaya.eu\/actualidad\/wp-content\/uploads\/2024\/05\/Pedro-Machin.jpg\" alt=\"Pedro Mach\u00edn\" class=\"wp-image-964\" style=\"width:854px;height:auto\"\/><\/figure>\n\n\n\n<p>En la reciente edici\u00f3n del Foro Sella 2024, celebrada el 23 de mayo en Villanueva de G\u00e1llego (Zaragoza), Pedro Mach\u00edn, CEO de Atalaya Generaci\u00f3n y presidente del Cl\u00faster de la Energ\u00eda de Arag\u00f3n, ofreci\u00f3 una visi\u00f3n clara y estrat\u00e9gica sobre el futuro de la energ\u00eda sostenible en Espa\u00f1a. Durante su intervenci\u00f3n, Mach\u00edn subray\u00f3 el papel crucial del bombeo reversible en la transici\u00f3n energ\u00e9tica por su capacidad de gesti\u00f3n de las renovables y ser una soluci\u00f3n complementaria a las bater\u00edas.<\/p>\n\n\n\n<p>Mach\u00edn explic\u00f3 que el bombeo reversible no solo es compatible con las bater\u00edas, sino que tambi\u00e9n ofrece la ventaja de ser una forma de generaci\u00f3n local con una vida \u00fatil prolongada. \u00abEl bombeo reversible es una tecnolog\u00eda que no solo ayuda a integrar las energ\u00edas renovables actuales, sino que tambi\u00e9n tiene la capacidad de adaptarse a nuevas fuentes de energ\u00eda que puedan surgir en los pr\u00f3ximos 30 a\u00f1os\u00bb, afirm\u00f3.<\/p>\n\n\n\n<p>El Foro Sella 2024, bajo el lema \u00abEnerg\u00eda de la tierra al dato\u00bb, se ha centrado en los tres retos principales de la transici\u00f3n energ\u00e9tica: electrificaci\u00f3n, redes y cohesi\u00f3n. Para ello, ha reunido a destacados expertos nacionales e internacionales para discutir el papel de Espa\u00f1a, y especialmente de Arag\u00f3n, en el nuevo entorno de la movilidad energ\u00e9tica. La inauguraci\u00f3n del evento estuvo a cargo del ministro de Industria y Turismo, Jordi Hereu, y la clausura fue realizada por el ministro de Asuntos Exteriores, UE y Cooperaci\u00f3n, Jos\u00e9 Manuel Albares.<\/p>\n\n\n\n<p>En el contexto de la mesa redonda en la que particip\u00f3 Mach\u00edn, se debati\u00f3 ampliamente sobre las estrategias para asegurar una energ\u00eda barata y disponible mediante almacenamiento y renovables. Tambi\u00e9n se discuti\u00f3 la necesidad de crear condiciones favorables para la energ\u00eda sostenible con la implicaci\u00f3n tanto de promotores como de la Administraci\u00f3n P\u00fablica.<\/p>\n\n\n\n<p>Mach\u00edn enfatiz\u00f3 la relevancia del bombeo reversible como una tecnolog\u00eda clave para la sostenibilidad energ\u00e9tica. \u00abEste sistema no solo es eficiente, sino que tambi\u00e9n contribuye significativamente a la estabilidad de la red el\u00e9ctrica y la integraci\u00f3n de energ\u00edas renovables, ofreciendo una soluci\u00f3n duradera y adaptable a los futuros cambios en el panorama energ\u00e9tico\u00bb, concluy\u00f3.<\/p>\n\n\n\n<p>El Foro Sella 2024 demostr\u00f3 una vez m\u00e1s que Espa\u00f1a, y Arag\u00f3n en particular, est\u00e1n en una posici\u00f3n privilegiada dentro del \u00e1mbito de la sostenibilidad energ\u00e9tica en Europa, impulsando innovaciones y proyectos que consolidan su liderazgo en la transici\u00f3n energ\u00e9tica. En esta misma l\u00ednea, Atalaya Generaci\u00f3n contin\u00faa su labor de impulsar proyectos innovadores que apoyan dicha transici\u00f3n hacia un futuro energ\u00e9tico m\u00e1s verde y sostenible.<\/p>\n\n\n\n<hr class=\"wp-block-separator has-alpha-channel-opacity\"\/>\n\n\n\n<p><a id=\"_msocom_1\"><\/a><a id=\"_msocom_2\"><\/a><\/p>\n","protected":false},"excerpt":{"rendered":"<p>En la reciente edici\u00f3n del Foro Sella 2024, celebrada el 23 de mayo en Villanueva de G\u00e1llego (Zaragoza), Pedro Mach\u00edn, CEO de Atalaya Generaci\u00f3n y presidente del Cl\u00faster de la Energ\u00eda de Arag\u00f3n, ofreci\u00f3 una visi\u00f3n clara y estrat\u00e9gica sobre el futuro de la energ\u00eda sostenible en Espa\u00f1a. Durante su intervenci\u00f3n, Mach\u00edn subray\u00f3 el papel &hellip;<\/p>\n<p class=\"read-more\"> <a class=\"\" href=\"https:\/\/www.atalaya.eu\/actualidad\/noticias\/pedro-machin-destaca-la-importancia-del-bombeo-reversible-en-la-integracion-de-energias-renovables-en-el-foro-sella-2024\/\"> <span class=\"screen-reader-text\">Pedro Mach\u00edn destaca la importancia del bombeo reversible en la integraci\u00f3n de energ\u00edas renovables en el Foro Sella 2024<\/span> Leer m\u00e1s &raquo;<\/a><\/p>\n","protected":false},"author":1,"featured_media":964,"comment_status":"closed","ping_status":"open","sticky":false,"template":"","format":"standard","meta":{"inline_featured_image":false,"site-sidebar-layout":"default","site-content-layout":"default","ast-main-header-display":"","ast-hfb-above-header-display":"","ast-hfb-below-header-display":"","ast-hfb-mobile-header-display":"","site-post-title":"","ast-breadcrumbs-content":"","ast-featured-img":"","footer-sml-layout":"","theme-transparent-header-meta":"","adv-header-id-meta":"","stick-header-meta":"","header-above-stick-meta":"","header-main-stick-meta":"","header-below-stick-meta":"","footnotes":""},"categories":[4],"tags":[72,52],"class_list":["post-963","post","type-post","status-publish","format-standard","has-post-thumbnail","hentry","category-noticias","tag-foro-sella","tag-pedro-machin"],"yoast_head":"<!-- This site is optimized with the Yoast SEO plugin v18.5.1 - https:\/\/yoast.com\/wordpress\/plugins\/seo\/ -->\n<title>Pedro Mach\u00edn destaca la importancia del bombeo reversible en la integraci\u00f3n de energ\u00edas renovables en el Foro Sella 2024 - ATALAYA Generaci\u00f3n E\u00f3lica<\/title>\n<meta name=\"description\" content=\"Pedro Mach\u00edn, CEO de Atalaya Generaci\u00f3n y presidente del Cl\u00faster de la Energ\u00eda de Arag\u00f3n, asiste al Foro Sella 2024\" \/>\n<meta name=\"robots\" content=\"index, follow, max-snippet:-1, max-image-preview:large, max-video-preview:-1\" \/>\n<link rel=\"canonical\" href=\"https:\/\/www.atalaya.eu\/actualidad\/noticias\/pedro-machin-destaca-la-importancia-del-bombeo-reversible-en-la-integracion-de-energias-renovables-en-el-foro-sella-2024\/\" \/>\n<meta property=\"og:locale\" content=\"es_ES\" \/>\n<meta property=\"og:type\" content=\"article\" \/>\n<meta property=\"og:title\" content=\"Pedro Mach\u00edn destaca la importancia del bombeo reversible en la integraci\u00f3n de energ\u00edas renovables en el Foro Sella 2024 - ATALAYA Generaci\u00f3n E\u00f3lica\" \/>\n<meta property=\"og:description\" content=\"Pedro Mach\u00edn, CEO de Atalaya Generaci\u00f3n y presidente del Cl\u00faster de la Energ\u00eda de Arag\u00f3n, asiste al Foro Sella 2024\" \/>\n<meta property=\"og:url\" content=\"https:\/\/www.atalaya.eu\/actualidad\/noticias\/pedro-machin-destaca-la-importancia-del-bombeo-reversible-en-la-integracion-de-energias-renovables-en-el-foro-sella-2024\/\" \/>\n<meta property=\"og:site_name\" content=\"ATALAYA Generaci\u00f3n E\u00f3lica\" \/>\n<meta property=\"article:published_time\" content=\"2024-05-28T09:04:54+00:00\" \/>\n<meta property=\"article:modified_time\" content=\"2024-05-28T09:04:57+00:00\" \/>\n<meta property=\"og:image\" content=\"https:\/\/www.atalaya.eu\/actualidad\/wp-content\/uploads\/2024\/05\/Pedro-Machin.jpg\" \/>\n\t<meta property=\"og:image:width\" content=\"900\" \/>\n\t<meta property=\"og:image:height\" content=\"600\" \/>\n\t<meta property=\"og:image:type\" content=\"image\/jpeg\" \/>\n<meta name=\"twitter:card\" content=\"summary_large_image\" \/>\n<meta name=\"twitter:label1\" content=\"Escrito por\" \/>\n\t<meta name=\"twitter:data1\" content=\"Atalaya\" \/>\n\t<meta name=\"twitter:label2\" content=\"Tiempo de lectura\" \/>\n\t<meta name=\"twitter:data2\" content=\"2 minutos\" \/>\n<script type=\"application\/ld+json\" class=\"yoast-schema-graph\">{\"@context\":\"https:\/\/schema.org\",\"@graph\":[{\"@type\":\"WebSite\",\"@id\":\"https:\/\/www.atalaya.eu\/actualidad\/#website\",\"url\":\"https:\/\/www.atalaya.eu\/actualidad\/\",\"name\":\"ATALAYA Generaci\u00f3n E\u00f3lica\",\"description\":\"ATALAYA Generaci\u00f3n E\u00f3lica\",\"potentialAction\":[{\"@type\":\"SearchAction\",\"target\":{\"@type\":\"EntryPoint\",\"urlTemplate\":\"https:\/\/www.atalaya.eu\/actualidad\/?s={search_term_string}\"},\"query-input\":\"required name=search_term_string\"}],\"inLanguage\":\"es\"},{\"@type\":\"ImageObject\",\"@id\":\"https:\/\/www.atalaya.eu\/actualidad\/noticias\/pedro-machin-destaca-la-importancia-del-bombeo-reversible-en-la-integracion-de-energias-renovables-en-el-foro-sella-2024\/#primaryimage\",\"inLanguage\":\"es\",\"url\":\"https:\/\/www.atalaya.eu\/actualidad\/wp-content\/uploads\/2024\/05\/Pedro-Machin.jpg\",\"contentUrl\":\"https:\/\/www.atalaya.eu\/actualidad\/wp-content\/uploads\/2024\/05\/Pedro-Machin.jpg\",\"width\":900,\"height\":600,\"caption\":\"Pedro Mach\u00edn\"},{\"@type\":\"WebPage\",\"@id\":\"https:\/\/www.atalaya.eu\/actualidad\/noticias\/pedro-machin-destaca-la-importancia-del-bombeo-reversible-en-la-integracion-de-energias-renovables-en-el-foro-sella-2024\/#webpage\",\"url\":\"https:\/\/www.atalaya.eu\/actualidad\/noticias\/pedro-machin-destaca-la-importancia-del-bombeo-reversible-en-la-integracion-de-energias-renovables-en-el-foro-sella-2024\/\",\"name\":\"Pedro Mach\u00edn destaca la importancia del bombeo reversible en la integraci\u00f3n de energ\u00edas renovables en el Foro Sella 2024 - ATALAYA Generaci\u00f3n E\u00f3lica\",\"isPartOf\":{\"@id\":\"https:\/\/www.atalaya.eu\/actualidad\/#website\"},\"primaryImageOfPage\":{\"@id\":\"https:\/\/www.atalaya.eu\/actualidad\/noticias\/pedro-machin-destaca-la-importancia-del-bombeo-reversible-en-la-integracion-de-energias-renovables-en-el-foro-sella-2024\/#primaryimage\"},\"datePublished\":\"2024-05-28T09:04:54+00:00\",\"dateModified\":\"2024-05-28T09:04:57+00:00\",\"author\":{\"@id\":\"https:\/\/www.atalaya.eu\/actualidad\/#\/schema\/person\/c87c3875b91eae1047695e51cd11baad\"},\"description\":\"Pedro Mach\u00edn, CEO de Atalaya Generaci\u00f3n y presidente del Cl\u00faster de la Energ\u00eda de Arag\u00f3n, asiste al Foro Sella 2024\",\"breadcrumb\":{\"@id\":\"https:\/\/www.atalaya.eu\/actualidad\/noticias\/pedro-machin-destaca-la-importancia-del-bombeo-reversible-en-la-integracion-de-energias-renovables-en-el-foro-sella-2024\/#breadcrumb\"},\"inLanguage\":\"es\",\"potentialAction\":[{\"@type\":\"ReadAction\",\"target\":[\"https:\/\/www.atalaya.eu\/actualidad\/noticias\/pedro-machin-destaca-la-importancia-del-bombeo-reversible-en-la-integracion-de-energias-renovables-en-el-foro-sella-2024\/\"]}]},{\"@type\":\"BreadcrumbList\",\"@id\":\"https:\/\/www.atalaya.eu\/actualidad\/noticias\/pedro-machin-destaca-la-importancia-del-bombeo-reversible-en-la-integracion-de-energias-renovables-en-el-foro-sella-2024\/#breadcrumb\",\"itemListElement\":[{\"@type\":\"ListItem\",\"position\":1,\"name\":\"Portada\",\"item\":\"https:\/\/www.atalaya.eu\/actualidad\/\"},{\"@type\":\"ListItem\",\"position\":2,\"name\":\"Pedro Mach\u00edn destaca la importancia del bombeo reversible en la integraci\u00f3n de energ\u00edas renovables en el Foro Sella 2024\"}]},{\"@type\":\"Person\",\"@id\":\"https:\/\/www.atalaya.eu\/actualidad\/#\/schema\/person\/c87c3875b91eae1047695e51cd11baad\",\"name\":\"Atalaya\",\"image\":{\"@type\":\"ImageObject\",\"@id\":\"https:\/\/www.atalaya.eu\/actualidad\/#personlogo\",\"inLanguage\":\"es\",\"url\":\"https:\/\/secure.gravatar.com\/avatar\/18613b53f3c2184b9d259778e24af0716c0793eb64bfb578efa5511ec51936ba?s=96&d=mm&r=g\",\"contentUrl\":\"https:\/\/secure.gravatar.com\/avatar\/18613b53f3c2184b9d259778e24af0716c0793eb64bfb578efa5511ec51936ba?s=96&d=mm&r=g\",\"caption\":\"Atalaya\"},\"sameAs\":[\"https:\/\/www.atalaya.eu\/actualidad\"],\"url\":\"https:\/\/www.atalaya.eu\/actualidad\/author\/atalaya\/\"}]}<\/script>\n<!-- \/ Yoast SEO plugin. -->","yoast_head_json":{"title":"Pedro Mach\u00edn destaca la importancia del bombeo reversible en la integraci\u00f3n de energ\u00edas renovables en el Foro Sella 2024 - ATALAYA Generaci\u00f3n E\u00f3lica","description":"Pedro Mach\u00edn, CEO de Atalaya Generaci\u00f3n y presidente del Cl\u00faster de la Energ\u00eda de Arag\u00f3n, asiste al Foro Sella 2024","robots":{"index":"index","follow":"follow","max-snippet":"max-snippet:-1","max-image-preview":"max-image-preview:large","max-video-preview":"max-video-preview:-1"},"canonical":"https:\/\/www.atalaya.eu\/actualidad\/noticias\/pedro-machin-destaca-la-importancia-del-bombeo-reversible-en-la-integracion-de-energias-renovables-en-el-foro-sella-2024\/","og_locale":"es_ES","og_type":"article","og_title":"Pedro Mach\u00edn destaca la importancia del bombeo reversible en la integraci\u00f3n de energ\u00edas renovables en el Foro Sella 2024 - ATALAYA Generaci\u00f3n E\u00f3lica","og_description":"Pedro Mach\u00edn, CEO de Atalaya Generaci\u00f3n y presidente del Cl\u00faster de la Energ\u00eda de Arag\u00f3n, asiste al Foro Sella 2024","og_url":"https:\/\/www.atalaya.eu\/actualidad\/noticias\/pedro-machin-destaca-la-importancia-del-bombeo-reversible-en-la-integracion-de-energias-renovables-en-el-foro-sella-2024\/","og_site_name":"ATALAYA Generaci\u00f3n E\u00f3lica","article_published_time":"2024-05-28T09:04:54+00:00","article_modified_time":"2024-05-28T09:04:57+00:00","og_image":[{"width":900,"height":600,"url":"https:\/\/www.atalaya.eu\/actualidad\/wp-content\/uploads\/2024\/05\/Pedro-Machin.jpg","type":"image\/jpeg"}],"twitter_card":"summary_large_image","twitter_misc":{"Escrito por":"Atalaya","Tiempo de lectura":"2 minutos"},"schema":{"@context":"https:\/\/schema.org","@graph":[{"@type":"WebSite","@id":"https:\/\/www.atalaya.eu\/actualidad\/#website","url":"https:\/\/www.atalaya.eu\/actualidad\/","name":"ATALAYA Generaci\u00f3n E\u00f3lica","description":"ATALAYA Generaci\u00f3n E\u00f3lica","potentialAction":[{"@type":"SearchAction","target":{"@type":"EntryPoint","urlTemplate":"https:\/\/www.atalaya.eu\/actualidad\/?s={search_term_string}"},"query-input":"required name=search_term_string"}],"inLanguage":"es"},{"@type":"ImageObject","@id":"https:\/\/www.atalaya.eu\/actualidad\/noticias\/pedro-machin-destaca-la-importancia-del-bombeo-reversible-en-la-integracion-de-energias-renovables-en-el-foro-sella-2024\/#primaryimage","inLanguage":"es","url":"https:\/\/www.atalaya.eu\/actualidad\/wp-content\/uploads\/2024\/05\/Pedro-Machin.jpg","contentUrl":"https:\/\/www.atalaya.eu\/actualidad\/wp-content\/uploads\/2024\/05\/Pedro-Machin.jpg","width":900,"height":600,"caption":"Pedro Mach\u00edn"},{"@type":"WebPage","@id":"https:\/\/www.atalaya.eu\/actualidad\/noticias\/pedro-machin-destaca-la-importancia-del-bombeo-reversible-en-la-integracion-de-energias-renovables-en-el-foro-sella-2024\/#webpage","url":"https:\/\/www.atalaya.eu\/actualidad\/noticias\/pedro-machin-destaca-la-importancia-del-bombeo-reversible-en-la-integracion-de-energias-renovables-en-el-foro-sella-2024\/","name":"Pedro Mach\u00edn destaca la importancia del bombeo reversible en la integraci\u00f3n de energ\u00edas renovables en el Foro Sella 2024 - ATALAYA Generaci\u00f3n E\u00f3lica","isPartOf":{"@id":"https:\/\/www.atalaya.eu\/actualidad\/#website"},"primaryImageOfPage":{"@id":"https:\/\/www.atalaya.eu\/actualidad\/noticias\/pedro-machin-destaca-la-importancia-del-bombeo-reversible-en-la-integracion-de-energias-renovables-en-el-foro-sella-2024\/#primaryimage"},"datePublished":"2024-05-28T09:04:54+00:00","dateModified":"2024-05-28T09:04:57+00:00","author":{"@id":"https:\/\/www.atalaya.eu\/actualidad\/#\/schema\/person\/c87c3875b91eae1047695e51cd11baad"},"description":"Pedro Mach\u00edn, CEO de Atalaya Generaci\u00f3n y presidente del Cl\u00faster de la Energ\u00eda de Arag\u00f3n, asiste al Foro Sella 2024","breadcrumb":{"@id":"https:\/\/www.atalaya.eu\/actualidad\/noticias\/pedro-machin-destaca-la-importancia-del-bombeo-reversible-en-la-integracion-de-energias-renovables-en-el-foro-sella-2024\/#breadcrumb"},"inLanguage":"es","potentialAction":[{"@type":"ReadAction","target":["https:\/\/www.atalaya.eu\/actualidad\/noticias\/pedro-machin-destaca-la-importancia-del-bombeo-reversible-en-la-integracion-de-energias-renovables-en-el-foro-sella-2024\/"]}]},{"@type":"BreadcrumbList","@id":"https:\/\/www.atalaya.eu\/actualidad\/noticias\/pedro-machin-destaca-la-importancia-del-bombeo-reversible-en-la-integracion-de-energias-renovables-en-el-foro-sella-2024\/#breadcrumb","itemListElement":[{"@type":"ListItem","position":1,"name":"Portada","item":"https:\/\/www.atalaya.eu\/actualidad\/"},{"@type":"ListItem","position":2,"name":"Pedro Mach\u00edn destaca la importancia del bombeo reversible en la integraci\u00f3n de energ\u00edas renovables en el Foro Sella 2024"}]},{"@type":"Person","@id":"https:\/\/www.atalaya.eu\/actualidad\/#\/schema\/person\/c87c3875b91eae1047695e51cd11baad","name":"Atalaya","image":{"@type":"ImageObject","@id":"https:\/\/www.atalaya.eu\/actualidad\/#personlogo","inLanguage":"es","url":"https:\/\/secure.gravatar.com\/avatar\/18613b53f3c2184b9d259778e24af0716c0793eb64bfb578efa5511ec51936ba?s=96&d=mm&r=g","contentUrl":"https:\/\/secure.gravatar.com\/avatar\/18613b53f3c2184b9d259778e24af0716c0793eb64bfb578efa5511ec51936ba?s=96&d=mm&r=g","caption":"Atalaya"},"sameAs":["https:\/\/www.atalaya.eu\/actualidad"],"url":"https:\/\/www.atalaya.eu\/actualidad\/author\/atalaya\/"}]}},"_links":{"self":[{"href":"https:\/\/www.atalaya.eu\/actualidad\/wp-json\/wp\/v2\/posts\/963","targetHints":{"allow":["GET"]}}],"collection":[{"href":"https:\/\/www.atalaya.eu\/actualidad\/wp-json\/wp\/v2\/posts"}],"about":[{"href":"https:\/\/www.atalaya.eu\/actualidad\/wp-json\/wp\/v2\/types\/post"}],"author":[{"embeddable":true,"href":"https:\/\/www.atalaya.eu\/actualidad\/wp-json\/wp\/v2\/users\/1"}],"replies":[{"embeddable":true,"href":"https:\/\/www.atalaya.eu\/actualidad\/wp-json\/wp\/v2\/comments?post=963"}],"version-history":[{"count":2,"href":"https:\/\/www.atalaya.eu\/actualidad\/wp-json\/wp\/v2\/posts\/963\/revisions"}],"predecessor-version":[{"id":966,"href":"https:\/\/www.atalaya.eu\/actualidad\/wp-json\/wp\/v2\/posts\/963\/revisions\/966"}],"wp:featuredmedia":[{"embeddable":true,"href":"https:\/\/www.atalaya.eu\/actualidad\/wp-json\/wp\/v2\/media\/964"}],"wp:attachment":[{"href":"https:\/\/www.atalaya.eu\/actualidad\/wp-json\/wp\/v2\/media?parent=963"}],"wp:term":[{"taxonomy":"category","embeddable":true,"href":"https:\/\/www.atalaya.eu\/actualidad\/wp-json\/wp\/v2\/categories?post=963"},{"taxonomy":"post_tag","embeddable":true,"href":"https:\/\/www.atalaya.eu\/actualidad\/wp-json\/wp\/v2\/tags?post=963"}],"curies":[{"name":"wp","href":"https:\/\/api.w.org\/{rel}","templated":true}]}}