{"id":971,"date":"2024-07-01T10:41:28","date_gmt":"2024-07-01T10:41:28","guid":{"rendered":"https:\/\/www.atalaya.eu\/actualidad\/?p=971"},"modified":"2024-07-01T10:41:31","modified_gmt":"2024-07-01T10:41:31","slug":"hoy-aragon-destaca-a-atalaya-generacion-por-su-apuesta-por-el-almacenamiento-hidroelectrico-reversible","status":"publish","type":"post","link":"https:\/\/www.atalaya.eu\/actualidad\/noticias\/hoy-aragon-destaca-a-atalaya-generacion-por-su-apuesta-por-el-almacenamiento-hidroelectrico-reversible\/","title":{"rendered":"Hoy Arag\u00f3n destaca a Atalaya Generaci\u00f3n por su apuesta por el almacenamiento hidroel\u00e9ctrico reversible\u00a0"},"content":{"rendered":"\n<p>En el art\u00edculo titulado \u00abCentral hidroel\u00e9ctrica reversible: la apuesta de Atalaya Generaci\u00f3n por el almacenamiento de las renovables\u00bb, <em>Hoy Arag\u00f3n<\/em> ha reconocido el trabajo innovador de Atalaya Generaci\u00f3n en el \u00e1mbito de la energ\u00eda renovable, destacando nuestra apuesta por el almacenamiento hidroel\u00e9ctrico reversible como una soluci\u00f3n clave para el futuro energ\u00e9tico sostenible de Espa\u00f1a.<\/p>\n\n\n\n<p>Desde 2015, Atalaya Generaci\u00f3n ha estado a la vanguardia en el desarrollo de proyectos de energ\u00eda renovable, centrando sus esfuerzos en la integraci\u00f3n y optimizaci\u00f3n de estas energ\u00edas a trav\u00e9s de tecnolog\u00edas de almacenamiento avanzadas. Tal y como indica el art\u00edculo, actualmente estamos desarrollando cinco proyectos estrat\u00e9gicos en Arag\u00f3n, distribuidos entre Teruel y Zaragoza, con una capacidad instalada que alcanza los 1.500 MW en turbinas.<\/p>\n\n\n\n<p>Estas iniciativas no solo aprovechan las infraestructuras existentes en antiguas cuencas mineras, sino que tambi\u00e9n utilizan un dise\u00f1o de circuito cerrado que permite una operaci\u00f3n independiente de los ciclos hidrol\u00f3gicos. Esto nos proporciona una gran flexibilidad y eficiencia, incluso en condiciones clim\u00e1ticas adversas.<\/p>\n\n\n\n<figure class=\"wp-block-image size-large\"><img loading=\"lazy\" decoding=\"async\" width=\"1024\" height=\"768\" src=\"https:\/\/www.atalaya.eu\/actualidad\/wp-content\/uploads\/2024\/07\/20200618_130454_HDR-1024x768.jpg\" alt=\"Balsa de la antigua mina de Estercuel (Teruel)\" class=\"wp-image-973\"\/><\/figure>\n\n\n\n<p><\/p>\n\n\n\n<h4 class=\"wp-block-heading\"><strong>Almacenamiento hidroel\u00e9ctrico reversible<\/strong><\/h4>\n\n\n\n<p>La tecnolog\u00eda de almacenamiento hidroel\u00e9ctrico reversible que implementamos es crucial para la transici\u00f3n energ\u00e9tica del siglo XXI. Su capacidad para almacenar grandes cantidades de energ\u00eda y responder r\u00e1pidamente a las fluctuaciones en la demanda nos permite ofrecer una soluci\u00f3n robusta y sostenible para el suministro de energ\u00eda.<\/p>\n\n\n\n<h4 class=\"wp-block-heading\"><strong>Compromiso con la sostenibilidad<\/strong><\/h4>\n\n\n\n<p>En Atalaya Generaci\u00f3n, nuestro compromiso va m\u00e1s all\u00e1 de la generaci\u00f3n de energ\u00eda. Nos dedicamos a asegurar que nuestras actividades tengan un impacto positivo tanto en la sociedad como en el medio ambiente. Nos esforzamos por ser un ejemplo en el sector, promoviendo el uso de tecnolog\u00edas limpias y eficientes que contribuyan a un futuro energ\u00e9tico m\u00e1s sostenible y resiliente. <\/p>\n\n\n\n<div class=\"wp-block-buttons is-layout-flex wp-block-buttons-is-layout-flex\">\n<div class=\"wp-block-button\"><a class=\"wp-block-button__link wp-element-button\" href=\"https:\/\/hoyaragon.es\/noticias-economia-empresa\/planeta-verde\/central-hidroelectrica-reversible-atalaya-generacion-renovables\/\">Puedes leer el art\u00edculo completo de <em>Hoy Arag\u00f3n<\/em> aqu\u00ed.<\/a><\/div>\n<\/div>\n","protected":false},"excerpt":{"rendered":"<p>En el art\u00edculo titulado \u00abCentral hidroel\u00e9ctrica reversible: la apuesta de Atalaya Generaci\u00f3n por el almacenamiento de las renovables\u00bb, Hoy Arag\u00f3n ha reconocido el trabajo innovador de Atalaya Generaci\u00f3n en el \u00e1mbito de la energ\u00eda renovable, destacando nuestra apuesta por el almacenamiento hidroel\u00e9ctrico reversible como una soluci\u00f3n clave para el futuro energ\u00e9tico sostenible de Espa\u00f1a. Desde &hellip;<\/p>\n<p class=\"read-more\"> <a class=\"\" href=\"https:\/\/www.atalaya.eu\/actualidad\/noticias\/hoy-aragon-destaca-a-atalaya-generacion-por-su-apuesta-por-el-almacenamiento-hidroelectrico-reversible\/\"> <span class=\"screen-reader-text\">Hoy Arag\u00f3n destaca a Atalaya Generaci\u00f3n por su apuesta por el almacenamiento hidroel\u00e9ctrico reversible\u00a0<\/span> Leer m\u00e1s &raquo;<\/a><\/p>\n","protected":false},"author":1,"featured_media":973,"comment_status":"closed","ping_status":"open","sticky":false,"template":"","format":"standard","meta":{"inline_featured_image":false,"site-sidebar-layout":"default","site-content-layout":"default","ast-main-header-display":"","ast-hfb-above-header-display":"","ast-hfb-below-header-display":"","ast-hfb-mobile-header-display":"","site-post-title":"","ast-breadcrumbs-content":"","ast-featured-img":"","footer-sml-layout":"","theme-transparent-header-meta":"","adv-header-id-meta":"","stick-header-meta":"","header-above-stick-meta":"","header-main-stick-meta":"","header-below-stick-meta":"","footnotes":""},"categories":[4],"tags":[],"class_list":["post-971","post","type-post","status-publish","format-standard","has-post-thumbnail","hentry","category-noticias"],"yoast_head":"<!-- This site is optimized with the Yoast SEO plugin v18.5.1 - https:\/\/yoast.com\/wordpress\/plugins\/seo\/ -->\n<title>Hoy Arag\u00f3n destaca a Atalaya Generaci\u00f3n por su apuesta por el almacenamiento hidroel\u00e9ctrico reversible\u00a0 - ATALAYA Generaci\u00f3n E\u00f3lica<\/title>\n<meta name=\"robots\" content=\"index, follow, max-snippet:-1, max-image-preview:large, max-video-preview:-1\" \/>\n<link rel=\"canonical\" href=\"https:\/\/www.atalaya.eu\/actualidad\/noticias\/hoy-aragon-destaca-a-atalaya-generacion-por-su-apuesta-por-el-almacenamiento-hidroelectrico-reversible\/\" \/>\n<meta property=\"og:locale\" content=\"es_ES\" \/>\n<meta property=\"og:type\" content=\"article\" \/>\n<meta property=\"og:title\" content=\"Hoy Arag\u00f3n destaca a Atalaya Generaci\u00f3n por su apuesta por el almacenamiento hidroel\u00e9ctrico reversible\u00a0 - ATALAYA Generaci\u00f3n E\u00f3lica\" \/>\n<meta property=\"og:description\" content=\"En el art\u00edculo titulado \u00abCentral hidroel\u00e9ctrica reversible: la apuesta de Atalaya Generaci\u00f3n por el almacenamiento de las renovables\u00bb, Hoy Arag\u00f3n ha reconocido el trabajo innovador de Atalaya Generaci\u00f3n en el \u00e1mbito de la energ\u00eda renovable, destacando nuestra apuesta por el almacenamiento hidroel\u00e9ctrico reversible como una soluci\u00f3n clave para el futuro energ\u00e9tico sostenible de Espa\u00f1a. Desde &hellip; Hoy Arag\u00f3n destaca a Atalaya Generaci\u00f3n por su apuesta por el almacenamiento hidroel\u00e9ctrico reversible\u00a0 Leer m\u00e1s &raquo;\" \/>\n<meta property=\"og:url\" content=\"https:\/\/www.atalaya.eu\/actualidad\/noticias\/hoy-aragon-destaca-a-atalaya-generacion-por-su-apuesta-por-el-almacenamiento-hidroelectrico-reversible\/\" \/>\n<meta property=\"og:site_name\" content=\"ATALAYA Generaci\u00f3n E\u00f3lica\" \/>\n<meta property=\"article:published_time\" content=\"2024-07-01T10:41:28+00:00\" \/>\n<meta property=\"article:modified_time\" content=\"2024-07-01T10:41:31+00:00\" \/>\n<meta property=\"og:image\" content=\"https:\/\/www.atalaya.eu\/actualidad\/wp-content\/uploads\/2024\/07\/20200618_130454_HDR.jpg\" \/>\n\t<meta property=\"og:image:width\" content=\"1056\" \/>\n\t<meta property=\"og:image:height\" content=\"792\" \/>\n\t<meta property=\"og:image:type\" content=\"image\/jpeg\" \/>\n<meta name=\"twitter:card\" content=\"summary_large_image\" \/>\n<meta name=\"twitter:label1\" content=\"Escrito por\" \/>\n\t<meta name=\"twitter:data1\" content=\"Atalaya\" \/>\n\t<meta name=\"twitter:label2\" content=\"Tiempo de lectura\" \/>\n\t<meta name=\"twitter:data2\" content=\"2 minutos\" \/>\n<script type=\"application\/ld+json\" class=\"yoast-schema-graph\">{\"@context\":\"https:\/\/schema.org\",\"@graph\":[{\"@type\":\"WebSite\",\"@id\":\"https:\/\/www.atalaya.eu\/actualidad\/#website\",\"url\":\"https:\/\/www.atalaya.eu\/actualidad\/\",\"name\":\"ATALAYA Generaci\u00f3n E\u00f3lica\",\"description\":\"ATALAYA Generaci\u00f3n E\u00f3lica\",\"potentialAction\":[{\"@type\":\"SearchAction\",\"target\":{\"@type\":\"EntryPoint\",\"urlTemplate\":\"https:\/\/www.atalaya.eu\/actualidad\/?s={search_term_string}\"},\"query-input\":\"required name=search_term_string\"}],\"inLanguage\":\"es\"},{\"@type\":\"ImageObject\",\"@id\":\"https:\/\/www.atalaya.eu\/actualidad\/noticias\/hoy-aragon-destaca-a-atalaya-generacion-por-su-apuesta-por-el-almacenamiento-hidroelectrico-reversible\/#primaryimage\",\"inLanguage\":\"es\",\"url\":\"https:\/\/www.atalaya.eu\/actualidad\/wp-content\/uploads\/2024\/07\/20200618_130454_HDR.jpg\",\"contentUrl\":\"https:\/\/www.atalaya.eu\/actualidad\/wp-content\/uploads\/2024\/07\/20200618_130454_HDR.jpg\",\"width\":1056,\"height\":792,\"caption\":\"Balsa de la antigua mina de Estercuel (Teruel)\"},{\"@type\":\"WebPage\",\"@id\":\"https:\/\/www.atalaya.eu\/actualidad\/noticias\/hoy-aragon-destaca-a-atalaya-generacion-por-su-apuesta-por-el-almacenamiento-hidroelectrico-reversible\/#webpage\",\"url\":\"https:\/\/www.atalaya.eu\/actualidad\/noticias\/hoy-aragon-destaca-a-atalaya-generacion-por-su-apuesta-por-el-almacenamiento-hidroelectrico-reversible\/\",\"name\":\"Hoy Arag\u00f3n destaca a Atalaya Generaci\u00f3n por su apuesta por el almacenamiento hidroel\u00e9ctrico reversible\u00a0 - ATALAYA Generaci\u00f3n E\u00f3lica\",\"isPartOf\":{\"@id\":\"https:\/\/www.atalaya.eu\/actualidad\/#website\"},\"primaryImageOfPage\":{\"@id\":\"https:\/\/www.atalaya.eu\/actualidad\/noticias\/hoy-aragon-destaca-a-atalaya-generacion-por-su-apuesta-por-el-almacenamiento-hidroelectrico-reversible\/#primaryimage\"},\"datePublished\":\"2024-07-01T10:41:28+00:00\",\"dateModified\":\"2024-07-01T10:41:31+00:00\",\"author\":{\"@id\":\"https:\/\/www.atalaya.eu\/actualidad\/#\/schema\/person\/c87c3875b91eae1047695e51cd11baad\"},\"breadcrumb\":{\"@id\":\"https:\/\/www.atalaya.eu\/actualidad\/noticias\/hoy-aragon-destaca-a-atalaya-generacion-por-su-apuesta-por-el-almacenamiento-hidroelectrico-reversible\/#breadcrumb\"},\"inLanguage\":\"es\",\"potentialAction\":[{\"@type\":\"ReadAction\",\"target\":[\"https:\/\/www.atalaya.eu\/actualidad\/noticias\/hoy-aragon-destaca-a-atalaya-generacion-por-su-apuesta-por-el-almacenamiento-hidroelectrico-reversible\/\"]}]},{\"@type\":\"BreadcrumbList\",\"@id\":\"https:\/\/www.atalaya.eu\/actualidad\/noticias\/hoy-aragon-destaca-a-atalaya-generacion-por-su-apuesta-por-el-almacenamiento-hidroelectrico-reversible\/#breadcrumb\",\"itemListElement\":[{\"@type\":\"ListItem\",\"position\":1,\"name\":\"Portada\",\"item\":\"https:\/\/www.atalaya.eu\/actualidad\/\"},{\"@type\":\"ListItem\",\"position\":2,\"name\":\"Hoy Arag\u00f3n destaca a Atalaya Generaci\u00f3n por su apuesta por el almacenamiento hidroel\u00e9ctrico reversible\u00a0\"}]},{\"@type\":\"Person\",\"@id\":\"https:\/\/www.atalaya.eu\/actualidad\/#\/schema\/person\/c87c3875b91eae1047695e51cd11baad\",\"name\":\"Atalaya\",\"image\":{\"@type\":\"ImageObject\",\"@id\":\"https:\/\/www.atalaya.eu\/actualidad\/#personlogo\",\"inLanguage\":\"es\",\"url\":\"https:\/\/secure.gravatar.com\/avatar\/18613b53f3c2184b9d259778e24af0716c0793eb64bfb578efa5511ec51936ba?s=96&d=mm&r=g\",\"contentUrl\":\"https:\/\/secure.gravatar.com\/avatar\/18613b53f3c2184b9d259778e24af0716c0793eb64bfb578efa5511ec51936ba?s=96&d=mm&r=g\",\"caption\":\"Atalaya\"},\"sameAs\":[\"https:\/\/www.atalaya.eu\/actualidad\"],\"url\":\"https:\/\/www.atalaya.eu\/actualidad\/author\/atalaya\/\"}]}<\/script>\n<!-- \/ Yoast SEO plugin. -->","yoast_head_json":{"title":"Hoy Arag\u00f3n destaca a Atalaya Generaci\u00f3n por su apuesta por el almacenamiento hidroel\u00e9ctrico reversible\u00a0 - ATALAYA Generaci\u00f3n E\u00f3lica","robots":{"index":"index","follow":"follow","max-snippet":"max-snippet:-1","max-image-preview":"max-image-preview:large","max-video-preview":"max-video-preview:-1"},"canonical":"https:\/\/www.atalaya.eu\/actualidad\/noticias\/hoy-aragon-destaca-a-atalaya-generacion-por-su-apuesta-por-el-almacenamiento-hidroelectrico-reversible\/","og_locale":"es_ES","og_type":"article","og_title":"Hoy Arag\u00f3n destaca a Atalaya Generaci\u00f3n por su apuesta por el almacenamiento hidroel\u00e9ctrico reversible\u00a0 - ATALAYA Generaci\u00f3n E\u00f3lica","og_description":"En el art\u00edculo titulado \u00abCentral hidroel\u00e9ctrica reversible: la apuesta de Atalaya Generaci\u00f3n por el almacenamiento de las renovables\u00bb, Hoy Arag\u00f3n ha reconocido el trabajo innovador de Atalaya Generaci\u00f3n en el \u00e1mbito de la energ\u00eda renovable, destacando nuestra apuesta por el almacenamiento hidroel\u00e9ctrico reversible como una soluci\u00f3n clave para el futuro energ\u00e9tico sostenible de Espa\u00f1a. Desde &hellip; Hoy Arag\u00f3n destaca a Atalaya Generaci\u00f3n por su apuesta por el almacenamiento hidroel\u00e9ctrico reversible\u00a0 Leer m\u00e1s &raquo;","og_url":"https:\/\/www.atalaya.eu\/actualidad\/noticias\/hoy-aragon-destaca-a-atalaya-generacion-por-su-apuesta-por-el-almacenamiento-hidroelectrico-reversible\/","og_site_name":"ATALAYA Generaci\u00f3n E\u00f3lica","article_published_time":"2024-07-01T10:41:28+00:00","article_modified_time":"2024-07-01T10:41:31+00:00","og_image":[{"width":1056,"height":792,"url":"https:\/\/www.atalaya.eu\/actualidad\/wp-content\/uploads\/2024\/07\/20200618_130454_HDR.jpg","type":"image\/jpeg"}],"twitter_card":"summary_large_image","twitter_misc":{"Escrito por":"Atalaya","Tiempo de lectura":"2 minutos"},"schema":{"@context":"https:\/\/schema.org","@graph":[{"@type":"WebSite","@id":"https:\/\/www.atalaya.eu\/actualidad\/#website","url":"https:\/\/www.atalaya.eu\/actualidad\/","name":"ATALAYA Generaci\u00f3n E\u00f3lica","description":"ATALAYA Generaci\u00f3n E\u00f3lica","potentialAction":[{"@type":"SearchAction","target":{"@type":"EntryPoint","urlTemplate":"https:\/\/www.atalaya.eu\/actualidad\/?s={search_term_string}"},"query-input":"required name=search_term_string"}],"inLanguage":"es"},{"@type":"ImageObject","@id":"https:\/\/www.atalaya.eu\/actualidad\/noticias\/hoy-aragon-destaca-a-atalaya-generacion-por-su-apuesta-por-el-almacenamiento-hidroelectrico-reversible\/#primaryimage","inLanguage":"es","url":"https:\/\/www.atalaya.eu\/actualidad\/wp-content\/uploads\/2024\/07\/20200618_130454_HDR.jpg","contentUrl":"https:\/\/www.atalaya.eu\/actualidad\/wp-content\/uploads\/2024\/07\/20200618_130454_HDR.jpg","width":1056,"height":792,"caption":"Balsa de la antigua mina de Estercuel (Teruel)"},{"@type":"WebPage","@id":"https:\/\/www.atalaya.eu\/actualidad\/noticias\/hoy-aragon-destaca-a-atalaya-generacion-por-su-apuesta-por-el-almacenamiento-hidroelectrico-reversible\/#webpage","url":"https:\/\/www.atalaya.eu\/actualidad\/noticias\/hoy-aragon-destaca-a-atalaya-generacion-por-su-apuesta-por-el-almacenamiento-hidroelectrico-reversible\/","name":"Hoy Arag\u00f3n destaca a Atalaya Generaci\u00f3n por su apuesta por el almacenamiento hidroel\u00e9ctrico reversible\u00a0 - ATALAYA Generaci\u00f3n E\u00f3lica","isPartOf":{"@id":"https:\/\/www.atalaya.eu\/actualidad\/#website"},"primaryImageOfPage":{"@id":"https:\/\/www.atalaya.eu\/actualidad\/noticias\/hoy-aragon-destaca-a-atalaya-generacion-por-su-apuesta-por-el-almacenamiento-hidroelectrico-reversible\/#primaryimage"},"datePublished":"2024-07-01T10:41:28+00:00","dateModified":"2024-07-01T10:41:31+00:00","author":{"@id":"https:\/\/www.atalaya.eu\/actualidad\/#\/schema\/person\/c87c3875b91eae1047695e51cd11baad"},"breadcrumb":{"@id":"https:\/\/www.atalaya.eu\/actualidad\/noticias\/hoy-aragon-destaca-a-atalaya-generacion-por-su-apuesta-por-el-almacenamiento-hidroelectrico-reversible\/#breadcrumb"},"inLanguage":"es","potentialAction":[{"@type":"ReadAction","target":["https:\/\/www.atalaya.eu\/actualidad\/noticias\/hoy-aragon-destaca-a-atalaya-generacion-por-su-apuesta-por-el-almacenamiento-hidroelectrico-reversible\/"]}]},{"@type":"BreadcrumbList","@id":"https:\/\/www.atalaya.eu\/actualidad\/noticias\/hoy-aragon-destaca-a-atalaya-generacion-por-su-apuesta-por-el-almacenamiento-hidroelectrico-reversible\/#breadcrumb","itemListElement":[{"@type":"ListItem","position":1,"name":"Portada","item":"https:\/\/www.atalaya.eu\/actualidad\/"},{"@type":"ListItem","position":2,"name":"Hoy Arag\u00f3n destaca a Atalaya Generaci\u00f3n por su apuesta por el almacenamiento hidroel\u00e9ctrico reversible\u00a0"}]},{"@type":"Person","@id":"https:\/\/www.atalaya.eu\/actualidad\/#\/schema\/person\/c87c3875b91eae1047695e51cd11baad","name":"Atalaya","image":{"@type":"ImageObject","@id":"https:\/\/www.atalaya.eu\/actualidad\/#personlogo","inLanguage":"es","url":"https:\/\/secure.gravatar.com\/avatar\/18613b53f3c2184b9d259778e24af0716c0793eb64bfb578efa5511ec51936ba?s=96&d=mm&r=g","contentUrl":"https:\/\/secure.gravatar.com\/avatar\/18613b53f3c2184b9d259778e24af0716c0793eb64bfb578efa5511ec51936ba?s=96&d=mm&r=g","caption":"Atalaya"},"sameAs":["https:\/\/www.atalaya.eu\/actualidad"],"url":"https:\/\/www.atalaya.eu\/actualidad\/author\/atalaya\/"}]}},"_links":{"self":[{"href":"https:\/\/www.atalaya.eu\/actualidad\/wp-json\/wp\/v2\/posts\/971","targetHints":{"allow":["GET"]}}],"collection":[{"href":"https:\/\/www.atalaya.eu\/actualidad\/wp-json\/wp\/v2\/posts"}],"about":[{"href":"https:\/\/www.atalaya.eu\/actualidad\/wp-json\/wp\/v2\/types\/post"}],"author":[{"embeddable":true,"href":"https:\/\/www.atalaya.eu\/actualidad\/wp-json\/wp\/v2\/users\/1"}],"replies":[{"embeddable":true,"href":"https:\/\/www.atalaya.eu\/actualidad\/wp-json\/wp\/v2\/comments?post=971"}],"version-history":[{"count":3,"href":"https:\/\/www.atalaya.eu\/actualidad\/wp-json\/wp\/v2\/posts\/971\/revisions"}],"predecessor-version":[{"id":975,"href":"https:\/\/www.atalaya.eu\/actualidad\/wp-json\/wp\/v2\/posts\/971\/revisions\/975"}],"wp:featuredmedia":[{"embeddable":true,"href":"https:\/\/www.atalaya.eu\/actualidad\/wp-json\/wp\/v2\/media\/973"}],"wp:attachment":[{"href":"https:\/\/www.atalaya.eu\/actualidad\/wp-json\/wp\/v2\/media?parent=971"}],"wp:term":[{"taxonomy":"category","embeddable":true,"href":"https:\/\/www.atalaya.eu\/actualidad\/wp-json\/wp\/v2\/categories?post=971"},{"taxonomy":"post_tag","embeddable":true,"href":"https:\/\/www.atalaya.eu\/actualidad\/wp-json\/wp\/v2\/tags?post=971"}],"curies":[{"name":"wp","href":"https:\/\/api.w.org\/{rel}","templated":true}]}}